{"id":10057,"date":"2020-11-26T18:08:46","date_gmt":"2020-11-26T17:08:46","guid":{"rendered":"https:\/\/www.karaoke-helden.de\/playbackshop\/?p=10057"},"modified":"2020-11-26T18:08:46","modified_gmt":"2020-11-26T17:08:46","slug":"musikermagazin-landkreis-leer-kreismusikschule-leer-unter-neuer-leitung","status":"publish","type":"post","link":"https:\/\/www.karaoke-helden.de\/playbackshop\/musikermagazin-landkreis-leer-kreismusikschule-leer-unter-neuer-leitung","title":{"rendered":"Musikermagazin &#8211; Landkreis Leer &#8211; Kreismusikschule Leer unter neuer Leitung"},"content":{"rendered":"<p><em><strong><img decoding=\"async\" class=\"size-full wp-image-4091 alignright\" src=\"https:\/\/www.karaoke-helden.de\/playbackshop\/wp-content\/uploads\/2019\/05\/Karaoke-Kl\u00f6nschnack-News-.jpg\" alt=\"Karaoke-Kl\u00f6nschnack-News-\" width=\"430\" height=\"430\" srcset=\"https:\/\/www.karaoke-helden.de\/playbackshop\/wp-content\/uploads\/2019\/05\/Karaoke-Kl\u00f6nschnack-News-.jpg 430w, https:\/\/www.karaoke-helden.de\/playbackshop\/wp-content\/uploads\/2019\/05\/Karaoke-Kl\u00f6nschnack-News--100x100.jpg 100w, https:\/\/www.karaoke-helden.de\/playbackshop\/wp-content\/uploads\/2019\/05\/Karaoke-Kl\u00f6nschnack-News--64x64.jpg 64w, https:\/\/www.karaoke-helden.de\/playbackshop\/wp-content\/uploads\/2019\/05\/Karaoke-Kl\u00f6nschnack-News--320x320.jpg 320w, https:\/\/www.karaoke-helden.de\/playbackshop\/wp-content\/uploads\/2019\/05\/Karaoke-Kl\u00f6nschnack-News--155x155.jpg 155w, https:\/\/www.karaoke-helden.de\/playbackshop\/wp-content\/uploads\/2019\/05\/Karaoke-Kl\u00f6nschnack-News--150x150.jpg 150w, https:\/\/www.karaoke-helden.de\/playbackshop\/wp-content\/uploads\/2019\/05\/Karaoke-Kl\u00f6nschnack-News--95x95.jpg 95w, https:\/\/www.karaoke-helden.de\/playbackshop\/wp-content\/uploads\/2019\/05\/Karaoke-Kl\u00f6nschnack-News--300x300.jpg 300w\" sizes=\"(max-width: 430px) 100vw, 430px\" \/>Musikermagazin &#8211; Landkreis Leer (NI) &#8211;<\/strong><\/em> Die Leitung der Kreismusikschule Leer hat sich neu formiert. Stefan Leja lenkt nun die Geschicke der Einrichtung. Er war vorher viele Jahre als St\u00e4dtischer Musikdirektor in Bad Saulgau (Baden-W\u00fcrttemberg) t\u00e4tig.<\/p>\n<p>Ihm zur Seite steht Dimitri Melnik als sein Stellvertreter. Beide streben an, mit der Kreismusikschule das kulturelle Leben im Landkreis Leer aktiv und lebendig mitzugestalten, hei\u00dft es in einer Mitteilung. Zudem m\u00f6chten sie die Kreismusikschule weiterhin als verl\u00e4sslicher Partner f\u00fcr musikalische Bildung positionieren und die dezentralen Unterrichtsangebote ausbauen. Sowohl Stefan Leja als auch Dimitri Melnik freuen sich auf den Austausch mit Sch\u00fclern, Eltern und Musikbegeisterten.<\/p>\n<p>F\u00fcr Fragen, W\u00fcnsche und Anregungen haben beide stets ein offenes Ohr. Sie sind erreichbar zu den \u00d6ffnungszeiten der Kreismusikschule unter Telefon 0491 73740 oder per E-Mail an kreismusikschule@lkleer.de. Weitere Informationen gibt es online unter www.kms-leer.de.<\/p>\n<p><em><br \/>\n***<br \/>\nLandkreis Leer<br \/>\nBergmannstra\u00dfe 37<br \/>\nD-26789 Leer<\/em><\/p>\n<div class=\"shariff shariff-align-center shariff-widget-align-center shariff-buttonstretch\"><ul class=\"shariff-buttons theme-color orientation-horizontal buttonsize-small\"><li class=\"shariff-button facebook shariff-nocustomcolor\" style=\"background-color:#4273c8\"><a href=\"https:\/\/www.facebook.com\/sharer\/sharer.php?u=https%3A%2F%2Fwww.karaoke-helden.de%2Fplaybackshop%2Fmusikermagazin-landkreis-leer-kreismusikschule-leer-unter-neuer-leitung\" title=\"Bei Facebook teilen\" aria-label=\"Bei Facebook teilen\" role=\"button\" rel=\"nofollow\" class=\"shariff-link\" style=\"; background-color:#3b5998; color:#fff\" target=\"_blank\"><span class=\"shariff-icon\" style=\"\"><svg width=\"32px\" height=\"20px\" xmlns=\"http:\/\/www.w3.org\/2000\/svg\" viewBox=\"0 0 18 32\"><path fill=\"#3b5998\" d=\"M17.1 0.2v4.7h-2.8q-1.5 0-2.1 0.6t-0.5 1.9v3.4h5.2l-0.7 5.3h-4.5v13.6h-5.5v-13.6h-4.5v-5.3h4.5v-3.9q0-3.3 1.9-5.2t5-1.8q2.6 0 4.1 0.2z\"\/><\/svg><\/span><span class=\"shariff-text\">teilen<\/span>&nbsp;<\/a><\/li><li class=\"shariff-button twitter shariff-nocustomcolor\" style=\"background-color:#595959\"><a href=\"https:\/\/twitter.com\/share?url=https%3A%2F%2Fwww.karaoke-helden.de%2Fplaybackshop%2Fmusikermagazin-landkreis-leer-kreismusikschule-leer-unter-neuer-leitung&text=Musikermagazin%20%E2%80%93%20Landkreis%20Leer%20%E2%80%93%20Kreismusikschule%20Leer%20unter%20neuer%20Leitung&via=d24online\" title=\"Bei X teilen\" aria-label=\"Bei X teilen\" role=\"button\" rel=\"noopener nofollow\" class=\"shariff-link\" style=\"; background-color:#000; color:#fff\" target=\"_blank\"><span class=\"shariff-icon\" style=\"\"><svg width=\"32px\" height=\"20px\" xmlns=\"http:\/\/www.w3.org\/2000\/svg\" viewBox=\"0 0 24 24\"><path fill=\"#000\" d=\"M14.258 10.152L23.176 0h-2.113l-7.747 8.813L7.133 0H0l9.352 13.328L0 23.973h2.113l8.176-9.309 6.531 9.309h7.133zm-2.895 3.293l-.949-1.328L2.875 1.56h3.246l6.086 8.523.945 1.328 7.91 11.078h-3.246zm0 0\"\/><\/svg><\/span><span class=\"shariff-text\">teilen<\/span>&nbsp;<\/a><\/li><li class=\"shariff-button linkedin shariff-nocustomcolor\" style=\"background-color:#1488bf\"><a href=\"https:\/\/www.linkedin.com\/sharing\/share-offsite\/?url=https%3A%2F%2Fwww.karaoke-helden.de%2Fplaybackshop%2Fmusikermagazin-landkreis-leer-kreismusikschule-leer-unter-neuer-leitung\" title=\"Bei LinkedIn teilen\" aria-label=\"Bei LinkedIn teilen\" role=\"button\" rel=\"noopener nofollow\" class=\"shariff-link\" style=\"; background-color:#0077b5; color:#fff\" target=\"_blank\"><span class=\"shariff-icon\" style=\"\"><svg width=\"32px\" height=\"20px\" xmlns=\"http:\/\/www.w3.org\/2000\/svg\" viewBox=\"0 0 27 32\"><path fill=\"#0077b5\" d=\"M6.2 11.2v17.7h-5.9v-17.7h5.9zM6.6 5.7q0 1.3-0.9 2.2t-2.4 0.9h0q-1.5 0-2.4-0.9t-0.9-2.2 0.9-2.2 2.4-0.9 2.4 0.9 0.9 2.2zM27.4 18.7v10.1h-5.9v-9.5q0-1.9-0.7-2.9t-2.3-1.1q-1.1 0-1.9 0.6t-1.2 1.5q-0.2 0.5-0.2 1.4v9.9h-5.9q0-7.1 0-11.6t0-5.3l0-0.9h5.9v2.6h0q0.4-0.6 0.7-1t1-0.9 1.6-0.8 2-0.3q3 0 4.9 2t1.9 6z\"\/><\/svg><\/span><span class=\"shariff-text\">teilen<\/span>&nbsp;<\/a><\/li><li class=\"shariff-button rss shariff-nocustomcolor\" style=\"background-color:#ff8c00\"><a href=\"https:\/\/www.karaoke-helden.de\/playbackshop\/feed\/rss\" title=\"RSS-feed\" aria-label=\"RSS-feed\" role=\"button\" class=\"shariff-link\" style=\"; background-color:#fe9312; color:#fff\" target=\"_blank\"><span class=\"shariff-icon\" style=\"\"><svg width=\"32px\" height=\"20px\" xmlns=\"http:\/\/www.w3.org\/2000\/svg\" viewBox=\"0 0 32 32\"><path fill=\"#fe9312\" d=\"M4.3 23.5c-2.3 0-4.3 1.9-4.3 4.3 0 2.3 1.9 4.2 4.3 4.2 2.4 0 4.3-1.9 4.3-4.2 0-2.3-1.9-4.3-4.3-4.3zM0 10.9v6.1c4 0 7.7 1.6 10.6 4.4 2.8 2.8 4.4 6.6 4.4 10.6h6.2c0-11.7-9.5-21.1-21.1-21.1zM0 0v6.1c14.2 0 25.8 11.6 25.8 25.9h6.2c0-17.6-14.4-32-32-32z\"\/><\/svg><\/span><span class=\"shariff-text\">RSS-feed<\/span>&nbsp;<\/a><\/li><li class=\"shariff-button printer shariff-nocustomcolor\" style=\"background-color:#a8a8a8\"><a href=\"javascript:window.print()\" title=\"drucken\" aria-label=\"drucken\" role=\"button\" rel=\"noopener nofollow\" class=\"shariff-link\" style=\"; background-color:#999; color:#fff\"><span class=\"shariff-icon\" style=\"\"><svg width=\"32px\" height=\"20px\" xmlns=\"http:\/\/www.w3.org\/2000\/svg\" viewBox=\"0 0 30 32\"><path fill=\"#999\" d=\"M6.8 27.4h16v-4.6h-16v4.6zM6.8 16h16v-6.8h-2.8q-0.7 0-1.2-0.5t-0.5-1.2v-2.8h-11.4v11.4zM27.4 17.2q0-0.5-0.3-0.8t-0.8-0.4-0.8 0.4-0.3 0.8 0.3 0.8 0.8 0.3 0.8-0.3 0.3-0.8zM29.7 17.2v7.4q0 0.2-0.2 0.4t-0.4 0.2h-4v2.8q0 0.7-0.5 1.2t-1.2 0.5h-17.2q-0.7 0-1.2-0.5t-0.5-1.2v-2.8h-4q-0.2 0-0.4-0.2t-0.2-0.4v-7.4q0-1.4 1-2.4t2.4-1h1.2v-9.7q0-0.7 0.5-1.2t1.2-0.5h12q0.7 0 1.6 0.4t1.3 0.8l2.7 2.7q0.5 0.5 0.9 1.4t0.4 1.6v4.6h1.1q1.4 0 2.4 1t1 2.4z\"\/><\/svg><\/span><span class=\"shariff-text\">drucken<\/span>&nbsp;<\/a><\/li><li class=\"shariff-button whatsapp shariff-nocustomcolor\" style=\"background-color:#5cbe4a\"><a href=\"https:\/\/api.whatsapp.com\/send?text=https%3A%2F%2Fwww.karaoke-helden.de%2Fplaybackshop%2Fmusikermagazin-landkreis-leer-kreismusikschule-leer-unter-neuer-leitung%20Musikermagazin%20%E2%80%93%20Landkreis%20Leer%20%E2%80%93%20Kreismusikschule%20Leer%20unter%20neuer%20Leitung\" title=\"Bei Whatsapp teilen\" aria-label=\"Bei Whatsapp teilen\" role=\"button\" rel=\"noopener nofollow\" class=\"shariff-link\" style=\"; background-color:#34af23; color:#fff\" target=\"_blank\"><span class=\"shariff-icon\" style=\"\"><svg width=\"32px\" height=\"20px\" xmlns=\"http:\/\/www.w3.org\/2000\/svg\" viewBox=\"0 0 32 32\"><path fill=\"#34af23\" d=\"M17.6 17.4q0.2 0 1.7 0.8t1.6 0.9q0 0.1 0 0.3 0 0.6-0.3 1.4-0.3 0.7-1.3 1.2t-1.8 0.5q-1 0-3.4-1.1-1.7-0.8-3-2.1t-2.6-3.3q-1.3-1.9-1.3-3.5v-0.1q0.1-1.6 1.3-2.8 0.4-0.4 0.9-0.4 0.1 0 0.3 0t0.3 0q0.3 0 0.5 0.1t0.3 0.5q0.1 0.4 0.6 1.6t0.4 1.3q0 0.4-0.6 1t-0.6 0.8q0 0.1 0.1 0.3 0.6 1.3 1.8 2.4 1 0.9 2.7 1.8 0.2 0.1 0.4 0.1 0.3 0 1-0.9t0.9-0.9zM14 26.9q2.3 0 4.3-0.9t3.6-2.4 2.4-3.6 0.9-4.3-0.9-4.3-2.4-3.6-3.6-2.4-4.3-0.9-4.3 0.9-3.6 2.4-2.4 3.6-0.9 4.3q0 3.6 2.1 6.6l-1.4 4.2 4.3-1.4q2.8 1.9 6.2 1.9zM14 2.2q2.7 0 5.2 1.1t4.3 2.9 2.9 4.3 1.1 5.2-1.1 5.2-2.9 4.3-4.3 2.9-5.2 1.1q-3.5 0-6.5-1.7l-7.4 2.4 2.4-7.2q-1.9-3.2-1.9-6.9 0-2.7 1.1-5.2t2.9-4.3 4.3-2.9 5.2-1.1z\"\/><\/svg><\/span><span class=\"shariff-text\">teilen<\/span>&nbsp;<\/a><\/li><\/ul><\/div>","protected":false},"excerpt":{"rendered":"<p>Musikermagazin &#8211; Landkreis Leer (NI) &#8211; Die Leitung der Kreismusikschule Leer hat sich neu formiert. Stefan Leja lenkt nun die Geschicke der Einrichtung. Er war vorher viele Jahre&#8230; <\/p>\n","protected":false},"author":1,"featured_media":4091,"comment_status":"closed","ping_status":"closed","sticky":false,"template":"","format":"standard","meta":{"rank_math_lock_modified_date":false,"footnotes":""},"categories":[1,5],"tags":[16673],"class_list":["post-10057","post","type-post","status-publish","format-standard","has-post-thumbnail","hentry","category-allgemein","category-musikermagazin","tag-musikermagazin-landkreis-leer-ni-die-leitung-der-kreismusikschule-leer-hat-sich-neu-formiert-stefan-leja-lenkt-nun-die"],"_links":{"self":[{"href":"https:\/\/www.karaoke-helden.de\/playbackshop\/wp-json\/wp\/v2\/posts\/10057","targetHints":{"allow":["GET"]}}],"collection":[{"href":"https:\/\/www.karaoke-helden.de\/playbackshop\/wp-json\/wp\/v2\/posts"}],"about":[{"href":"https:\/\/www.karaoke-helden.de\/playbackshop\/wp-json\/wp\/v2\/types\/post"}],"author":[{"embeddable":true,"href":"https:\/\/www.karaoke-helden.de\/playbackshop\/wp-json\/wp\/v2\/users\/1"}],"replies":[{"embeddable":true,"href":"https:\/\/www.karaoke-helden.de\/playbackshop\/wp-json\/wp\/v2\/comments?post=10057"}],"version-history":[{"count":0,"href":"https:\/\/www.karaoke-helden.de\/playbackshop\/wp-json\/wp\/v2\/posts\/10057\/revisions"}],"wp:featuredmedia":[{"embeddable":true,"href":"https:\/\/www.karaoke-helden.de\/playbackshop\/wp-json\/wp\/v2\/media\/4091"}],"wp:attachment":[{"href":"https:\/\/www.karaoke-helden.de\/playbackshop\/wp-json\/wp\/v2\/media?parent=10057"}],"wp:term":[{"taxonomy":"category","embeddable":true,"href":"https:\/\/www.karaoke-helden.de\/playbackshop\/wp-json\/wp\/v2\/categories?post=10057"},{"taxonomy":"post_tag","embeddable":true,"href":"https:\/\/www.karaoke-helden.de\/playbackshop\/wp-json\/wp\/v2\/tags?post=10057"}],"curies":[{"name":"wp","href":"https:\/\/api.w.org\/{rel}","templated":true}]}}