{"id":4013,"date":"2019-04-30T13:41:32","date_gmt":"2019-04-30T11:41:32","guid":{"rendered":"https:\/\/www.karaoke-helden.de\/playbackshop\/?p=4013"},"modified":"2019-04-30T13:41:32","modified_gmt":"2019-04-30T11:41:32","slug":"koblenz-tag-der-offenen-tuer-in-einem-haus-voller-musik-am-samstag-11-mai","status":"publish","type":"post","link":"https:\/\/www.karaoke-helden.de\/playbackshop\/koblenz-tag-der-offenen-tuer-in-einem-haus-voller-musik-am-samstag-11-mai","title":{"rendered":"Koblenz &#8211; \u201eTag der offenen T\u00fcr\u201c in einem Haus voller Musik am Samstag, 11. Mai"},"content":{"rendered":"<p><em><strong><img decoding=\"async\" class=\"alignright size-full wp-image-2228\" src=\"https:\/\/www.karaoke-helden.de\/playbackshop\/wp-content\/uploads\/2018\/09\/Event-Tipps-World-Of-Karaoke-Magazin-.gif\" alt=\"Event-Tipps-World-Of-Karaoke-Magazin-\" width=\"430\" height=\"430\" \/>Koblenz (RLP) &#8211;<\/strong><\/em> Die Musikschule der Stadt Koblenz l\u00e4dt ein zu einem \u201eTag der offenen T\u00fcr\u201c am Samstag, 11. Mai von 13.30 bis 17.00 Uhr.<\/p>\n<p>F\u00fcr Kinder, Jugendliche und Erwachsene stehen an diesem Tag die T\u00fcren der Klassenzimmer im ganzen Haus weit offen. Jeder ist eingeladen, die verschiedenen Holz- und Blechblasinstrumente, Streich- und Zupfinstrumente sowie Tasten- und Perkussionsinstrumente auszuprobieren. Das gilt auch f\u00fcr die Gesangsausbildung im Bereich Klassik, Rock-, Pop und Jazz. Die Fachlehrer beraten individuell und helfen bei der Auswahl eines Instrumentes. Auch die eigene Stimme kann unter Anleitung von Gesangslehrern ausprobiert werden. Die Musikschule bietet Instrumental- und Vokalausbildung sowohl im Bereich Klassik als auch f\u00fcr die Stilrichtung Pop-Rock-Jazz an.<\/p>\n<p>Mit einem bunten Programm informieren Lehrerinnen und Lehrer der Musikschule \u00fcber das breit gef\u00e4chertes Angebot, das nicht nur im Hauptgeb\u00e4ude angeboten wird, sondern auch an zahlreichen Au\u00dfenstellen im Stadtgebiet (unter anderem in vielen Kitas und Grundschulen). Am Tag der offenen T\u00fcr erhalten Eltern von Kindern im Vorschulalter durch Schnupperstunden und Vorf\u00fchrungen einen Einblick in die altersgerecht konzipierten musikalischen Elementarkurse f\u00fcr Kleinkinder (ab 5 Monaten) und Kindergartenkinder (4-6 Jahre). Schnupperstunden f\u00fcr die Kurse \u201eBaby Babble\u201c, \u201eMusikgarten\u201c \u201eMusikalische Fr\u00fcherziehung\u201c finden von 14.00 \u2013 16.45 Uhr statt. Im Konzertsaal kann man dann verschiedene Elementarkurse auf der B\u00fchne live erleben.<\/p>\n<p>In den beiden S\u00e4len unterm Dach pr\u00e4sentieren sich gro\u00dfe und kleine Ensembles der Musikschule, unter anderem ein Projektorchester der Streicher sowie verschiedene Bands und Perkussionsgruppen. Ein kleines Highlight wird die Auff\u00fchrung eines Singspiels durch das Musiktheater, instrumental unterst\u00fctzt durch die Jungen Streicher.<\/p>\n<p>Interessierte Besucher k\u00f6nnen sich beim Team der Verwaltung \u00fcber die vielf\u00e4ltigen Angebote der Musikschule informieren und sich individuell beraten lassen \u00fcber die M\u00f6glichkeiten einer Geb\u00fchrenerm\u00e4\u00dfigung, beispielsweise bei der Anmeldung mehrerer Familienmitglieder, bei der Wahl eines Zweitfachs oder aus sozialen Gr\u00fcnden. Die zus\u00e4tzliche Belegung von Ensembleunterricht oder Theoriekursen ist generell f\u00fcr alle Sch\u00fcler der Musikschule kostenfrei!<\/p>\n<p>Samstag, 11. Mai: 13.30 \u2013 17.00 Uhr\/ Musikschule der Stadt Koblenz\/ Hoevelstr. 6\/ 56073 Koblenz-Rauental\/ Der Eintritt ist frei!<\/p>\n<p><em>***<br \/>\nStadt Koblenz<\/em><\/p>\n<div class=\"shariff shariff-align-center shariff-widget-align-center shariff-buttonstretch\"><ul class=\"shariff-buttons theme-color orientation-horizontal buttonsize-small\"><li class=\"shariff-button facebook shariff-nocustomcolor\" style=\"background-color:#4273c8\"><a href=\"https:\/\/www.facebook.com\/sharer\/sharer.php?u=https%3A%2F%2Fwww.karaoke-helden.de%2Fplaybackshop%2Fkoblenz-tag-der-offenen-tuer-in-einem-haus-voller-musik-am-samstag-11-mai\" title=\"Bei Facebook teilen\" aria-label=\"Bei Facebook teilen\" role=\"button\" rel=\"nofollow\" class=\"shariff-link\" style=\"; background-color:#3b5998; color:#fff\" target=\"_blank\"><span class=\"shariff-icon\" style=\"\"><svg width=\"32px\" height=\"20px\" xmlns=\"http:\/\/www.w3.org\/2000\/svg\" viewBox=\"0 0 18 32\"><path fill=\"#3b5998\" d=\"M17.1 0.2v4.7h-2.8q-1.5 0-2.1 0.6t-0.5 1.9v3.4h5.2l-0.7 5.3h-4.5v13.6h-5.5v-13.6h-4.5v-5.3h4.5v-3.9q0-3.3 1.9-5.2t5-1.8q2.6 0 4.1 0.2z\"\/><\/svg><\/span><span class=\"shariff-text\">teilen<\/span>&nbsp;<\/a><\/li><li class=\"shariff-button twitter shariff-nocustomcolor\" style=\"background-color:#595959\"><a href=\"https:\/\/twitter.com\/share?url=https%3A%2F%2Fwww.karaoke-helden.de%2Fplaybackshop%2Fkoblenz-tag-der-offenen-tuer-in-einem-haus-voller-musik-am-samstag-11-mai&text=Koblenz%20%E2%80%93%20%E2%80%9ETag%20der%20offenen%20T%C3%BCr%E2%80%9C%20in%20einem%20Haus%20voller%20Musik%20am%20Samstag%2C%2011.%20Mai&via=d24online\" title=\"Bei X teilen\" aria-label=\"Bei X teilen\" role=\"button\" rel=\"noopener nofollow\" class=\"shariff-link\" style=\"; background-color:#000; color:#fff\" target=\"_blank\"><span class=\"shariff-icon\" style=\"\"><svg width=\"32px\" height=\"20px\" xmlns=\"http:\/\/www.w3.org\/2000\/svg\" viewBox=\"0 0 24 24\"><path fill=\"#000\" d=\"M14.258 10.152L23.176 0h-2.113l-7.747 8.813L7.133 0H0l9.352 13.328L0 23.973h2.113l8.176-9.309 6.531 9.309h7.133zm-2.895 3.293l-.949-1.328L2.875 1.56h3.246l6.086 8.523.945 1.328 7.91 11.078h-3.246zm0 0\"\/><\/svg><\/span><span class=\"shariff-text\">teilen<\/span>&nbsp;<\/a><\/li><li class=\"shariff-button linkedin shariff-nocustomcolor\" style=\"background-color:#1488bf\"><a href=\"https:\/\/www.linkedin.com\/sharing\/share-offsite\/?url=https%3A%2F%2Fwww.karaoke-helden.de%2Fplaybackshop%2Fkoblenz-tag-der-offenen-tuer-in-einem-haus-voller-musik-am-samstag-11-mai\" title=\"Bei LinkedIn teilen\" aria-label=\"Bei LinkedIn teilen\" role=\"button\" rel=\"noopener nofollow\" class=\"shariff-link\" style=\"; background-color:#0077b5; color:#fff\" target=\"_blank\"><span class=\"shariff-icon\" style=\"\"><svg width=\"32px\" height=\"20px\" xmlns=\"http:\/\/www.w3.org\/2000\/svg\" viewBox=\"0 0 27 32\"><path fill=\"#0077b5\" d=\"M6.2 11.2v17.7h-5.9v-17.7h5.9zM6.6 5.7q0 1.3-0.9 2.2t-2.4 0.9h0q-1.5 0-2.4-0.9t-0.9-2.2 0.9-2.2 2.4-0.9 2.4 0.9 0.9 2.2zM27.4 18.7v10.1h-5.9v-9.5q0-1.9-0.7-2.9t-2.3-1.1q-1.1 0-1.9 0.6t-1.2 1.5q-0.2 0.5-0.2 1.4v9.9h-5.9q0-7.1 0-11.6t0-5.3l0-0.9h5.9v2.6h0q0.4-0.6 0.7-1t1-0.9 1.6-0.8 2-0.3q3 0 4.9 2t1.9 6z\"\/><\/svg><\/span><span class=\"shariff-text\">teilen<\/span>&nbsp;<\/a><\/li><li class=\"shariff-button rss shariff-nocustomcolor\" style=\"background-color:#ff8c00\"><a href=\"https:\/\/www.karaoke-helden.de\/playbackshop\/feed\/rss\" title=\"RSS-feed\" aria-label=\"RSS-feed\" role=\"button\" class=\"shariff-link\" style=\"; background-color:#fe9312; color:#fff\" target=\"_blank\"><span class=\"shariff-icon\" style=\"\"><svg width=\"32px\" height=\"20px\" xmlns=\"http:\/\/www.w3.org\/2000\/svg\" viewBox=\"0 0 32 32\"><path fill=\"#fe9312\" d=\"M4.3 23.5c-2.3 0-4.3 1.9-4.3 4.3 0 2.3 1.9 4.2 4.3 4.2 2.4 0 4.3-1.9 4.3-4.2 0-2.3-1.9-4.3-4.3-4.3zM0 10.9v6.1c4 0 7.7 1.6 10.6 4.4 2.8 2.8 4.4 6.6 4.4 10.6h6.2c0-11.7-9.5-21.1-21.1-21.1zM0 0v6.1c14.2 0 25.8 11.6 25.8 25.9h6.2c0-17.6-14.4-32-32-32z\"\/><\/svg><\/span><span class=\"shariff-text\">RSS-feed<\/span>&nbsp;<\/a><\/li><li class=\"shariff-button printer shariff-nocustomcolor\" style=\"background-color:#a8a8a8\"><a href=\"javascript:window.print()\" title=\"drucken\" aria-label=\"drucken\" role=\"button\" rel=\"noopener nofollow\" class=\"shariff-link\" style=\"; background-color:#999; color:#fff\"><span class=\"shariff-icon\" style=\"\"><svg width=\"32px\" height=\"20px\" xmlns=\"http:\/\/www.w3.org\/2000\/svg\" viewBox=\"0 0 30 32\"><path fill=\"#999\" d=\"M6.8 27.4h16v-4.6h-16v4.6zM6.8 16h16v-6.8h-2.8q-0.7 0-1.2-0.5t-0.5-1.2v-2.8h-11.4v11.4zM27.4 17.2q0-0.5-0.3-0.8t-0.8-0.4-0.8 0.4-0.3 0.8 0.3 0.8 0.8 0.3 0.8-0.3 0.3-0.8zM29.7 17.2v7.4q0 0.2-0.2 0.4t-0.4 0.2h-4v2.8q0 0.7-0.5 1.2t-1.2 0.5h-17.2q-0.7 0-1.2-0.5t-0.5-1.2v-2.8h-4q-0.2 0-0.4-0.2t-0.2-0.4v-7.4q0-1.4 1-2.4t2.4-1h1.2v-9.7q0-0.7 0.5-1.2t1.2-0.5h12q0.7 0 1.6 0.4t1.3 0.8l2.7 2.7q0.5 0.5 0.9 1.4t0.4 1.6v4.6h1.1q1.4 0 2.4 1t1 2.4z\"\/><\/svg><\/span><span class=\"shariff-text\">drucken<\/span>&nbsp;<\/a><\/li><li class=\"shariff-button whatsapp shariff-nocustomcolor\" style=\"background-color:#5cbe4a\"><a href=\"https:\/\/api.whatsapp.com\/send?text=https%3A%2F%2Fwww.karaoke-helden.de%2Fplaybackshop%2Fkoblenz-tag-der-offenen-tuer-in-einem-haus-voller-musik-am-samstag-11-mai%20Koblenz%20%E2%80%93%20%E2%80%9ETag%20der%20offenen%20T%C3%BCr%E2%80%9C%20in%20einem%20Haus%20voller%20Musik%20am%20Samstag%2C%2011.%20Mai\" title=\"Bei Whatsapp teilen\" aria-label=\"Bei Whatsapp teilen\" role=\"button\" rel=\"noopener nofollow\" class=\"shariff-link\" style=\"; background-color:#34af23; color:#fff\" target=\"_blank\"><span class=\"shariff-icon\" style=\"\"><svg width=\"32px\" height=\"20px\" xmlns=\"http:\/\/www.w3.org\/2000\/svg\" viewBox=\"0 0 32 32\"><path fill=\"#34af23\" d=\"M17.6 17.4q0.2 0 1.7 0.8t1.6 0.9q0 0.1 0 0.3 0 0.6-0.3 1.4-0.3 0.7-1.3 1.2t-1.8 0.5q-1 0-3.4-1.1-1.7-0.8-3-2.1t-2.6-3.3q-1.3-1.9-1.3-3.5v-0.1q0.1-1.6 1.3-2.8 0.4-0.4 0.9-0.4 0.1 0 0.3 0t0.3 0q0.3 0 0.5 0.1t0.3 0.5q0.1 0.4 0.6 1.6t0.4 1.3q0 0.4-0.6 1t-0.6 0.8q0 0.1 0.1 0.3 0.6 1.3 1.8 2.4 1 0.9 2.7 1.8 0.2 0.1 0.4 0.1 0.3 0 1-0.9t0.9-0.9zM14 26.9q2.3 0 4.3-0.9t3.6-2.4 2.4-3.6 0.9-4.3-0.9-4.3-2.4-3.6-3.6-2.4-4.3-0.9-4.3 0.9-3.6 2.4-2.4 3.6-0.9 4.3q0 3.6 2.1 6.6l-1.4 4.2 4.3-1.4q2.8 1.9 6.2 1.9zM14 2.2q2.7 0 5.2 1.1t4.3 2.9 2.9 4.3 1.1 5.2-1.1 5.2-2.9 4.3-4.3 2.9-5.2 1.1q-3.5 0-6.5-1.7l-7.4 2.4 2.4-7.2q-1.9-3.2-1.9-6.9 0-2.7 1.1-5.2t2.9-4.3 4.3-2.9 5.2-1.1z\"\/><\/svg><\/span><span class=\"shariff-text\">teilen<\/span>&nbsp;<\/a><\/li><\/ul><\/div>","protected":false},"excerpt":{"rendered":"<p>Koblenz (RLP) &#8211; Die Musikschule der Stadt Koblenz l\u00e4dt ein zu einem \u201eTag der offenen T\u00fcr\u201c am Samstag, 11. Mai von 13.30 bis 17.00 Uhr. F\u00fcr Kinder, Jugendliche&#8230; <\/p>\n","protected":false},"author":1,"featured_media":2228,"comment_status":"open","ping_status":"closed","sticky":false,"template":"","format":"standard","meta":{"rank_math_lock_modified_date":false,"footnotes":""},"categories":[1,5],"tags":[10713,10715,81,10712,393,396,10710,419,501,10714,506,510,578,10711,691,777],"class_list":["post-4013","post","type-post","status-publish","format-standard","has-post-thumbnail","hentry","category-allgemein","category-musikermagazin","tag-11-mai","tag-30-04-2019","tag-am-samstag","tag-in-einem-haus-voller-musik","tag-karaoke","tag-karaoke-helden","tag-koblenz","tag-kultur","tag-musik","tag-musik-mit-kindern","tag-musiker","tag-musikermagazin","tag-playbacks","tag-tag-der-offenen-tuer","tag-termine","tag-world-of-karaoke"],"_links":{"self":[{"href":"https:\/\/www.karaoke-helden.de\/playbackshop\/wp-json\/wp\/v2\/posts\/4013","targetHints":{"allow":["GET"]}}],"collection":[{"href":"https:\/\/www.karaoke-helden.de\/playbackshop\/wp-json\/wp\/v2\/posts"}],"about":[{"href":"https:\/\/www.karaoke-helden.de\/playbackshop\/wp-json\/wp\/v2\/types\/post"}],"author":[{"embeddable":true,"href":"https:\/\/www.karaoke-helden.de\/playbackshop\/wp-json\/wp\/v2\/users\/1"}],"replies":[{"embeddable":true,"href":"https:\/\/www.karaoke-helden.de\/playbackshop\/wp-json\/wp\/v2\/comments?post=4013"}],"version-history":[{"count":0,"href":"https:\/\/www.karaoke-helden.de\/playbackshop\/wp-json\/wp\/v2\/posts\/4013\/revisions"}],"wp:featuredmedia":[{"embeddable":true,"href":"https:\/\/www.karaoke-helden.de\/playbackshop\/wp-json\/wp\/v2\/media\/2228"}],"wp:attachment":[{"href":"https:\/\/www.karaoke-helden.de\/playbackshop\/wp-json\/wp\/v2\/media?parent=4013"}],"wp:term":[{"taxonomy":"category","embeddable":true,"href":"https:\/\/www.karaoke-helden.de\/playbackshop\/wp-json\/wp\/v2\/categories?post=4013"},{"taxonomy":"post_tag","embeddable":true,"href":"https:\/\/www.karaoke-helden.de\/playbackshop\/wp-json\/wp\/v2\/tags?post=4013"}],"curies":[{"name":"wp","href":"https:\/\/api.w.org\/{rel}","templated":true}]}}