{"id":4330,"date":"2019-05-30T13:13:18","date_gmt":"2019-05-30T11:13:18","guid":{"rendered":"https:\/\/www.karaoke-helden.de\/playbackshop\/?p=4330"},"modified":"2019-05-30T13:13:18","modified_gmt":"2019-05-30T11:13:18","slug":"musikermagazin-landkreis-bamberg-jubilaeumskonzert-30-jahre-kreismusikschule-war-ein-voller-erfolg","status":"publish","type":"post","link":"https:\/\/www.karaoke-helden.de\/playbackshop\/musikermagazin-landkreis-bamberg-jubilaeumskonzert-30-jahre-kreismusikschule-war-ein-voller-erfolg","title":{"rendered":"Musikermagazin &#8211; Landkreis Bamberg &#8211; Jubil\u00e4umskonzert 30 Jahre Kreismusikschule war ein voller Erfolg"},"content":{"rendered":"<figure id=\"attachment_4331\" aria-describedby=\"caption-attachment-4331\" style=\"width: 430px\" class=\"wp-caption alignright\"><img decoding=\"async\" class=\"size-full wp-image-4331\" src=\"https:\/\/www.karaoke-helden.de\/playbackshop\/wp-content\/uploads\/2019\/05\/30Jahre_KMS_Blasorchester.jpg\" alt=\"30Jahre_KMS_Blasorchester\" width=\"430\" height=\"286\" srcset=\"https:\/\/www.karaoke-helden.de\/playbackshop\/wp-content\/uploads\/2019\/05\/30Jahre_KMS_Blasorchester.jpg 430w, https:\/\/www.karaoke-helden.de\/playbackshop\/wp-content\/uploads\/2019\/05\/30Jahre_KMS_Blasorchester-64x43.jpg 64w, https:\/\/www.karaoke-helden.de\/playbackshop\/wp-content\/uploads\/2019\/05\/30Jahre_KMS_Blasorchester-155x103.jpg 155w, https:\/\/www.karaoke-helden.de\/playbackshop\/wp-content\/uploads\/2019\/05\/30Jahre_KMS_Blasorchester-150x100.jpg 150w, https:\/\/www.karaoke-helden.de\/playbackshop\/wp-content\/uploads\/2019\/05\/30Jahre_KMS_Blasorchester-300x200.jpg 300w\" sizes=\"(max-width: 430px) 100vw, 430px\" \/><figcaption id=\"caption-attachment-4331\" class=\"wp-caption-text\">(Quelle: Eva Gentil)<\/figcaption><\/figure>\n<p><em><strong>Musikermagazin &#8211; Landkreis Bamberg (BY) &#8211;<\/strong><\/em> Die Kreismusikschule Bamberg besteht bereits seit 30 Jahren. Vergangenen Sonntag wurde dies mit einem gro\u00dfen Jubil\u00e4umskonzert in der Konzerthalle Bamberg geb\u00fchrend gefeiert. Passend zur gleichzeitig stattfindenden Europawahl wurde f\u00fcr die Geburtstagsfeier das Motto \u201eMit Musik durch Europa\u201c ausgelobt und das verbindende Element der Musik gefeiert.<\/p>\n<p>Er\u00f6ffnet wurde das Konzert mit \u201eFanfare and Flourishes\u201c von James Curnow, eine kunstvolle Verarbeitung der Eurovisionsmelodie, gespielt von ehemaligen Sch\u00fclerinnen und Sch\u00fclern, sowie Lehrkr\u00e4ften der Kreismusikschule. Gleich zu Beginn ein eindrucksvoller Beweis der guten Arbeit der Einrichtung schon \u00fcber viele Jahre hinweg.<\/p>\n<p>Im Anschluss danach hatten die j\u00fcngsten Sch\u00fcler und Sch\u00fclerinnen der Kreismusikschule ihren gro\u00dfen Auftritt. Es hatte sich ein gro\u00dfes Projektorchester aus Gruppen der Elementaren Musikp\u00e4dagogik und JeKi-Gruppen formiert, die mit gro\u00dfer Freude musizierten, sangen und tanzten. Eindrucksvoll hier nicht nur die beispielhafte Zusammenarbeit vieler Musikschullehrkr\u00e4fte, sondern auch die Kooperationen mit vielen Einrichtungen im Landkreis, wie Kindertagesst\u00e4tten oder Grundschulen.<\/p>\n<p>Nach einem Gru\u00dfwort von Landrat Johann Kalb, der die Geschichte der gr\u00f6\u00dften Musikschule Oberfrankens kurz umriss, zeigten verschiedene Ensembles, die ganze Bandbreite an musikalischen Stilen und Instrumentengruppen. Klarinettenchor, Cello- und Harfenensemble, Blockfl\u00f6tenconsort, Gitarren-, Blas-, Akkordeon- und Querfl\u00f6tenorchester unterhielten die Zuschauer in der gut gef\u00fcllten Konzerthalle mit Melodien aus verschiedensten europ\u00e4ischen L\u00e4ndern, von Griechenland bis Norwegen, von Spanien bis zur Ukraine. Immer mit dabei \u201eReisebegleiter\u201c Martin Neubauer, der mit der Unterst\u00fctzung der beiden Sch\u00fcler Emma Zenk und Jakob Stratmann, mal komisch, mal ernst aber immer \u00e4u\u00dferst unterhaltsam und kurzweilig durch das Programm f\u00fchrte.<\/p>\n<p>Auch kleinere Ensembles und Solisten waren zu bestaunen, beispielsweise ein Klavierst\u00fcck f\u00fcr f\u00fcnf rechte H\u00e4nde, des britischen Komponisten Michael Cornick, oder das eindrucksvolle \u201ePr\u00e4ludium Nr. 1, e-Moll\u201c von Ney Rosauro f\u00fcr Marimba Solo, gekonnt vorgetragen von Felix Graser, Bundespreistr\u00e4ger bei Jugend musiziert.<\/p>\n<p>Audida, der Erwachsenenchor der Musikschule fasste den Abend mit \u201eThank You for the Music\u201c der schwedischen Band ABBA noch einmal auf das Wesentliche zusammen, bevor das Musikschulorchester mit Kl\u00e4ngen aus der Oper Carmen nach Frankreich reiste, wo sich die Reisebegleiter mit den Worten von Henry Wadsworth Longfellow verabschiedeten: \u201eMusik ist die gemeinsame Sprache der Menschheit\u201c, welches die europ\u00e4ische Verbundenheit \u00fcber alle politischen und sprachlichen Grenzen hinweg perfekt zum Ausdruck bringt.<\/p>\n<p>Die beiden Musikschulleiter Josef Gentil und Raimund Krug bedankten sich in ihrer Rede bei allen Eltern, Mitwirkenden, Verwaltungs- und Lehrkr\u00e4ften, die die logistische Meisterleistung vollbracht hatten ein solches Mammutprojekt an einer dezentralen Musikschule auf die Beine zu stellen. Der gro\u00dfe Aufwand hat sich aber in jedem Fall gelohnt und alle konnten ein zwar langes aber ebenso abwechslungsreiches Konzert genie\u00dfen.<\/p>\n<p>Musikalisch beendeten Publikum und Akteure ihre Reise durch Europa nat\u00fcrlich mit der Hymne \u201eOde an die Freude\u201c von Ludwig van Beethoven.<\/p>\n<p><em>***<br \/>\nLandratsamt Bamberg<\/em><\/p>\n<div class=\"shariff shariff-align-center shariff-widget-align-center shariff-buttonstretch\"><ul class=\"shariff-buttons theme-color orientation-horizontal buttonsize-small\"><li class=\"shariff-button facebook shariff-nocustomcolor\" style=\"background-color:#4273c8\"><a href=\"https:\/\/www.facebook.com\/sharer\/sharer.php?u=https%3A%2F%2Fwww.karaoke-helden.de%2Fplaybackshop%2Fmusikermagazin-landkreis-bamberg-jubilaeumskonzert-30-jahre-kreismusikschule-war-ein-voller-erfolg\" title=\"Bei Facebook teilen\" aria-label=\"Bei Facebook teilen\" role=\"button\" rel=\"nofollow\" class=\"shariff-link\" style=\"; background-color:#3b5998; color:#fff\" target=\"_blank\"><span class=\"shariff-icon\" style=\"\"><svg width=\"32px\" height=\"20px\" xmlns=\"http:\/\/www.w3.org\/2000\/svg\" viewBox=\"0 0 18 32\"><path fill=\"#3b5998\" d=\"M17.1 0.2v4.7h-2.8q-1.5 0-2.1 0.6t-0.5 1.9v3.4h5.2l-0.7 5.3h-4.5v13.6h-5.5v-13.6h-4.5v-5.3h4.5v-3.9q0-3.3 1.9-5.2t5-1.8q2.6 0 4.1 0.2z\"\/><\/svg><\/span><span class=\"shariff-text\">teilen<\/span>&nbsp;<\/a><\/li><li class=\"shariff-button twitter shariff-nocustomcolor\" style=\"background-color:#595959\"><a href=\"https:\/\/twitter.com\/share?url=https%3A%2F%2Fwww.karaoke-helden.de%2Fplaybackshop%2Fmusikermagazin-landkreis-bamberg-jubilaeumskonzert-30-jahre-kreismusikschule-war-ein-voller-erfolg&text=Musikermagazin%20%E2%80%93%20Landkreis%20Bamberg%20%E2%80%93%20Jubil%C3%A4umskonzert%2030%20Jahre%20Kreismusikschule%20war%20ein%20voller%20Erfolg&via=d24online\" title=\"Bei X teilen\" aria-label=\"Bei X teilen\" role=\"button\" rel=\"noopener nofollow\" class=\"shariff-link\" style=\"; background-color:#000; color:#fff\" target=\"_blank\"><span class=\"shariff-icon\" style=\"\"><svg width=\"32px\" height=\"20px\" xmlns=\"http:\/\/www.w3.org\/2000\/svg\" viewBox=\"0 0 24 24\"><path fill=\"#000\" d=\"M14.258 10.152L23.176 0h-2.113l-7.747 8.813L7.133 0H0l9.352 13.328L0 23.973h2.113l8.176-9.309 6.531 9.309h7.133zm-2.895 3.293l-.949-1.328L2.875 1.56h3.246l6.086 8.523.945 1.328 7.91 11.078h-3.246zm0 0\"\/><\/svg><\/span><span class=\"shariff-text\">teilen<\/span>&nbsp;<\/a><\/li><li class=\"shariff-button linkedin shariff-nocustomcolor\" style=\"background-color:#1488bf\"><a href=\"https:\/\/www.linkedin.com\/sharing\/share-offsite\/?url=https%3A%2F%2Fwww.karaoke-helden.de%2Fplaybackshop%2Fmusikermagazin-landkreis-bamberg-jubilaeumskonzert-30-jahre-kreismusikschule-war-ein-voller-erfolg\" title=\"Bei LinkedIn teilen\" aria-label=\"Bei LinkedIn teilen\" role=\"button\" rel=\"noopener nofollow\" class=\"shariff-link\" style=\"; background-color:#0077b5; color:#fff\" target=\"_blank\"><span class=\"shariff-icon\" style=\"\"><svg width=\"32px\" height=\"20px\" xmlns=\"http:\/\/www.w3.org\/2000\/svg\" viewBox=\"0 0 27 32\"><path fill=\"#0077b5\" d=\"M6.2 11.2v17.7h-5.9v-17.7h5.9zM6.6 5.7q0 1.3-0.9 2.2t-2.4 0.9h0q-1.5 0-2.4-0.9t-0.9-2.2 0.9-2.2 2.4-0.9 2.4 0.9 0.9 2.2zM27.4 18.7v10.1h-5.9v-9.5q0-1.9-0.7-2.9t-2.3-1.1q-1.1 0-1.9 0.6t-1.2 1.5q-0.2 0.5-0.2 1.4v9.9h-5.9q0-7.1 0-11.6t0-5.3l0-0.9h5.9v2.6h0q0.4-0.6 0.7-1t1-0.9 1.6-0.8 2-0.3q3 0 4.9 2t1.9 6z\"\/><\/svg><\/span><span class=\"shariff-text\">teilen<\/span>&nbsp;<\/a><\/li><li class=\"shariff-button rss shariff-nocustomcolor\" style=\"background-color:#ff8c00\"><a href=\"https:\/\/www.karaoke-helden.de\/playbackshop\/feed\/rss\" title=\"RSS-feed\" aria-label=\"RSS-feed\" role=\"button\" class=\"shariff-link\" style=\"; background-color:#fe9312; color:#fff\" target=\"_blank\"><span class=\"shariff-icon\" style=\"\"><svg width=\"32px\" height=\"20px\" xmlns=\"http:\/\/www.w3.org\/2000\/svg\" viewBox=\"0 0 32 32\"><path fill=\"#fe9312\" d=\"M4.3 23.5c-2.3 0-4.3 1.9-4.3 4.3 0 2.3 1.9 4.2 4.3 4.2 2.4 0 4.3-1.9 4.3-4.2 0-2.3-1.9-4.3-4.3-4.3zM0 10.9v6.1c4 0 7.7 1.6 10.6 4.4 2.8 2.8 4.4 6.6 4.4 10.6h6.2c0-11.7-9.5-21.1-21.1-21.1zM0 0v6.1c14.2 0 25.8 11.6 25.8 25.9h6.2c0-17.6-14.4-32-32-32z\"\/><\/svg><\/span><span class=\"shariff-text\">RSS-feed<\/span>&nbsp;<\/a><\/li><li class=\"shariff-button printer shariff-nocustomcolor\" style=\"background-color:#a8a8a8\"><a href=\"javascript:window.print()\" title=\"drucken\" aria-label=\"drucken\" role=\"button\" rel=\"noopener nofollow\" class=\"shariff-link\" style=\"; background-color:#999; color:#fff\"><span class=\"shariff-icon\" style=\"\"><svg width=\"32px\" height=\"20px\" xmlns=\"http:\/\/www.w3.org\/2000\/svg\" viewBox=\"0 0 30 32\"><path fill=\"#999\" d=\"M6.8 27.4h16v-4.6h-16v4.6zM6.8 16h16v-6.8h-2.8q-0.7 0-1.2-0.5t-0.5-1.2v-2.8h-11.4v11.4zM27.4 17.2q0-0.5-0.3-0.8t-0.8-0.4-0.8 0.4-0.3 0.8 0.3 0.8 0.8 0.3 0.8-0.3 0.3-0.8zM29.7 17.2v7.4q0 0.2-0.2 0.4t-0.4 0.2h-4v2.8q0 0.7-0.5 1.2t-1.2 0.5h-17.2q-0.7 0-1.2-0.5t-0.5-1.2v-2.8h-4q-0.2 0-0.4-0.2t-0.2-0.4v-7.4q0-1.4 1-2.4t2.4-1h1.2v-9.7q0-0.7 0.5-1.2t1.2-0.5h12q0.7 0 1.6 0.4t1.3 0.8l2.7 2.7q0.5 0.5 0.9 1.4t0.4 1.6v4.6h1.1q1.4 0 2.4 1t1 2.4z\"\/><\/svg><\/span><span class=\"shariff-text\">drucken<\/span>&nbsp;<\/a><\/li><li class=\"shariff-button whatsapp shariff-nocustomcolor\" style=\"background-color:#5cbe4a\"><a href=\"https:\/\/api.whatsapp.com\/send?text=https%3A%2F%2Fwww.karaoke-helden.de%2Fplaybackshop%2Fmusikermagazin-landkreis-bamberg-jubilaeumskonzert-30-jahre-kreismusikschule-war-ein-voller-erfolg%20Musikermagazin%20%E2%80%93%20Landkreis%20Bamberg%20%E2%80%93%20Jubil%C3%A4umskonzert%2030%20Jahre%20Kreismusikschule%20war%20ein%20voller%20Erfolg\" title=\"Bei Whatsapp teilen\" aria-label=\"Bei Whatsapp teilen\" role=\"button\" rel=\"noopener nofollow\" class=\"shariff-link\" style=\"; background-color:#34af23; color:#fff\" target=\"_blank\"><span class=\"shariff-icon\" style=\"\"><svg width=\"32px\" height=\"20px\" xmlns=\"http:\/\/www.w3.org\/2000\/svg\" viewBox=\"0 0 32 32\"><path fill=\"#34af23\" d=\"M17.6 17.4q0.2 0 1.7 0.8t1.6 0.9q0 0.1 0 0.3 0 0.6-0.3 1.4-0.3 0.7-1.3 1.2t-1.8 0.5q-1 0-3.4-1.1-1.7-0.8-3-2.1t-2.6-3.3q-1.3-1.9-1.3-3.5v-0.1q0.1-1.6 1.3-2.8 0.4-0.4 0.9-0.4 0.1 0 0.3 0t0.3 0q0.3 0 0.5 0.1t0.3 0.5q0.1 0.4 0.6 1.6t0.4 1.3q0 0.4-0.6 1t-0.6 0.8q0 0.1 0.1 0.3 0.6 1.3 1.8 2.4 1 0.9 2.7 1.8 0.2 0.1 0.4 0.1 0.3 0 1-0.9t0.9-0.9zM14 26.9q2.3 0 4.3-0.9t3.6-2.4 2.4-3.6 0.9-4.3-0.9-4.3-2.4-3.6-3.6-2.4-4.3-0.9-4.3 0.9-3.6 2.4-2.4 3.6-0.9 4.3q0 3.6 2.1 6.6l-1.4 4.2 4.3-1.4q2.8 1.9 6.2 1.9zM14 2.2q2.7 0 5.2 1.1t4.3 2.9 2.9 4.3 1.1 5.2-1.1 5.2-2.9 4.3-4.3 2.9-5.2 1.1q-3.5 0-6.5-1.7l-7.4 2.4 2.4-7.2q-1.9-3.2-1.9-6.9 0-2.7 1.1-5.2t2.9-4.3 4.3-2.9 5.2-1.1z\"\/><\/svg><\/span><span class=\"shariff-text\">teilen<\/span>&nbsp;<\/a><\/li><\/ul><\/div>","protected":false},"excerpt":{"rendered":"<p>Musikermagazin &#8211; Landkreis Bamberg (BY) &#8211; Die Kreismusikschule Bamberg besteht bereits seit 30 Jahren. Vergangenen Sonntag wurde dies mit einem gro\u00dfen Jubil\u00e4umskonzert in der Konzerthalle Bamberg geb\u00fchrend gefeiert&#8230;. <\/p>\n","protected":false},"author":1,"featured_media":4331,"comment_status":"open","ping_status":"closed","sticky":false,"template":"","format":"standard","meta":{"rank_math_lock_modified_date":false,"footnotes":""},"categories":[1,5],"tags":[10919,68,10921,2718,10920,447,487,510,517,535,575,580,10922],"class_list":["post-4330","post","type-post","status-publish","format-standard","has-post-thumbnail","hentry","category-allgemein","category-musikermagazin","tag-30-05-2019","tag-aktuell","tag-jubilaeumskonzert-30-jahre-kreismusikschule","tag-karaoke-kaufen","tag-landkreis-bamberg","tag-lokales","tag-midifiles-kaufen","tag-musikermagazin","tag-nachrichten","tag-news","tag-playback-kaufen","tag-playbacks-kaufen","tag-war-ein-voller-erfolg"],"_links":{"self":[{"href":"https:\/\/www.karaoke-helden.de\/playbackshop\/wp-json\/wp\/v2\/posts\/4330","targetHints":{"allow":["GET"]}}],"collection":[{"href":"https:\/\/www.karaoke-helden.de\/playbackshop\/wp-json\/wp\/v2\/posts"}],"about":[{"href":"https:\/\/www.karaoke-helden.de\/playbackshop\/wp-json\/wp\/v2\/types\/post"}],"author":[{"embeddable":true,"href":"https:\/\/www.karaoke-helden.de\/playbackshop\/wp-json\/wp\/v2\/users\/1"}],"replies":[{"embeddable":true,"href":"https:\/\/www.karaoke-helden.de\/playbackshop\/wp-json\/wp\/v2\/comments?post=4330"}],"version-history":[{"count":0,"href":"https:\/\/www.karaoke-helden.de\/playbackshop\/wp-json\/wp\/v2\/posts\/4330\/revisions"}],"wp:featuredmedia":[{"embeddable":true,"href":"https:\/\/www.karaoke-helden.de\/playbackshop\/wp-json\/wp\/v2\/media\/4331"}],"wp:attachment":[{"href":"https:\/\/www.karaoke-helden.de\/playbackshop\/wp-json\/wp\/v2\/media?parent=4330"}],"wp:term":[{"taxonomy":"category","embeddable":true,"href":"https:\/\/www.karaoke-helden.de\/playbackshop\/wp-json\/wp\/v2\/categories?post=4330"},{"taxonomy":"post_tag","embeddable":true,"href":"https:\/\/www.karaoke-helden.de\/playbackshop\/wp-json\/wp\/v2\/tags?post=4330"}],"curies":[{"name":"wp","href":"https:\/\/api.w.org\/{rel}","templated":true}]}}