{"id":5306,"date":"2019-07-16T17:38:44","date_gmt":"2019-07-16T15:38:44","guid":{"rendered":"https:\/\/www.karaoke-helden.de\/playbackshop\/?p=5306"},"modified":"2019-07-16T17:38:44","modified_gmt":"2019-07-16T15:38:44","slug":"event-tipp-speyer-picknickkonzert-mit-moi-et-les-autres-im-adenauerpark-am-sonntag-21-juli","status":"publish","type":"post","link":"https:\/\/www.karaoke-helden.de\/playbackshop\/event-tipp-speyer-picknickkonzert-mit-moi-et-les-autres-im-adenauerpark-am-sonntag-21-juli","title":{"rendered":"Event-Tipp &#8211; Speyer &#8211; Picknickkonzert mit &#8220;Moi et les autres&#8221; im Adenauerpark am Sonntag, 21. Juli"},"content":{"rendered":"<p><em><strong><img decoding=\"async\" class=\"size-full wp-image-2228 alignright\" src=\"https:\/\/www.karaoke-helden.de\/playbackshop\/wp-content\/uploads\/2018\/09\/Event-Tipps-World-Of-Karaoke-Magazin-.gif\" alt=\"Event-Tipps-World-Of-Karaoke-Magazin-\" width=\"430\" height=\"430\" \/>Event-Tipp &#8211; Speyer (RLP) &#8211;<\/strong> <\/em>Am Sonntag, 21. Juli, 11 Uhr l\u00e4dt die Stadt Speyer erstmals zu einem Picknickkonzert in den Adenauerpark. Zu Gast ist Deutschlands beste Swing-Chanson Band \u201eMoi et les autres\u201c rund um die franz\u00f6sische S\u00e4ngerin Juliette Brousset. Bei schlechtem Wetter findet das Konzert in der Gotischen Kapelle statt.<\/p>\n<p>Die Band \u201eMoi et les autres\u201c hat ihr neues Programm \u201eD\u00e9part\u201c, erg\u00e4nzt mit ausgew\u00e4hlten St\u00fccken aus der erfolgreichen Bandgeschichte, im Gep\u00e4ck. Das Quintett mit Gitarre, Akkordeon, Bass und Schlagzeug pr\u00e4sentiert Lieder, die sich mit dem Thema Aufbruch besch\u00e4ftigen. \u201eMein ganzes Leben ist eine Reise. Seit ich meine Heimat im s\u00fcdlichen Elsass verlassen habe, hat mich vor allem die Musik an unz\u00e4hlige Orte auf der Welt gef\u00fchrt\u201c, sagt die S\u00e4ngerin, die vor allem f\u00fcr ihre glasklare Sopran-Stimme bekannt ist. \u201eVon allen Orten habe ich Einfl\u00fcsse mitgebracht, die unserem mittlerweile vierten Programm eine ganz neue Note verleihen.\u201c Auch die \u00fcbrigen Bandmitglieder bringen ihre Biografien ein.<\/p>\n<p>\u201eJeder von uns hat seine ganz pers\u00f6nliche Lebensgeschichte und eine musikalische Herkunft, die in diesem Programm erz\u00e4hlt wird.\u201c Von den Trommelrhythmen der franz\u00f6sischen Antillen \u00fcber den Manouche bis hin zum amerikanischen Elektroswing. \u201eDie Ferne von oben betrachten und das Publikum scheinbar schwerelos mitzunehmen, das ist unser aktuelles Leitmotiv.\u201c Daher ist es auch nicht verwunderlich, dass die Gruppe auf dem Cover ihrer neuen CD in einen Ballon steigt. Der typische Sound der Band mit einer Mischung aus Jazz und Chanson ist dabei immer noch sp\u00fcrbar. Wer bef\u00fcrchtet, die Liedtexte nicht zu verstehen, kann beruhigt sein. Juliette Brousset f\u00fchrt in fast perfektem Deutsch mit leichtem Akzent durch das Konzert und erkl\u00e4rt den Inhalt der St\u00fccke. So versetzt sie die Zuh\u00f6rer spielend in die unterschiedlichen Stimmungen der Songs.<\/p>\n<p>\u201eMoi et les lautres\u201c feiert 2018 ihr zehnj\u00e4hriges Bestehen. Seit dem Jahr 2008 gaben die f\u00fcnf Musiker \u00fcber 300 Konzerte im deutschsprachigen Raum. F\u00fcr ihr Lied \u201eSamedi Soir\u201c wurden sie schon ein Jahr nach Gr\u00fcndung beim Internationalen Chanson Festival \u201eYves Montand\u201c in Lille ausgezeichnet. Der Eintritt zum Konzert ist frei. Ein kleines Getr\u00e4nkeangebot bietet das T1 Art Caf\u00e9.<\/p>\n<p>Unter dem Motto \u201eumsonst &amp; drau\u00dfen\u201c l\u00e4uft die vierte Saison der beliebten Speyerer Picknickkonzerte. Im August folgen Konzerte von \u201eApparatschik\u201c am Sonntag, 4. August 2019, 11 Uhr im Alten Hafen und der \u201eZan Ganassa Band\u201c am Sonntag, 18. August 2019, 11 Uhr auf dem Platz der Stadt Ravenna im Vogelgesang.<\/p>\n<p>***<\/p>\n<p><em>Stadt Speyer<br \/>\nKultur, Marketing &amp; Kommunikation<br \/>\nMaximilianstra\u00dfe 100<br \/>\n67346 Speyer<\/em><\/p>\n<div class=\"shariff shariff-align-center shariff-widget-align-center shariff-buttonstretch\"><ul class=\"shariff-buttons theme-color orientation-horizontal buttonsize-small\"><li class=\"shariff-button facebook shariff-nocustomcolor\" style=\"background-color:#4273c8\"><a href=\"https:\/\/www.facebook.com\/sharer\/sharer.php?u=https%3A%2F%2Fwww.karaoke-helden.de%2Fplaybackshop%2Fevent-tipp-speyer-picknickkonzert-mit-moi-et-les-autres-im-adenauerpark-am-sonntag-21-juli\" title=\"Bei Facebook teilen\" aria-label=\"Bei Facebook teilen\" role=\"button\" rel=\"nofollow\" class=\"shariff-link\" style=\"; background-color:#3b5998; color:#fff\" target=\"_blank\"><span class=\"shariff-icon\" style=\"\"><svg width=\"32px\" height=\"20px\" xmlns=\"http:\/\/www.w3.org\/2000\/svg\" viewBox=\"0 0 18 32\"><path fill=\"#3b5998\" d=\"M17.1 0.2v4.7h-2.8q-1.5 0-2.1 0.6t-0.5 1.9v3.4h5.2l-0.7 5.3h-4.5v13.6h-5.5v-13.6h-4.5v-5.3h4.5v-3.9q0-3.3 1.9-5.2t5-1.8q2.6 0 4.1 0.2z\"\/><\/svg><\/span><span class=\"shariff-text\">teilen<\/span>&nbsp;<\/a><\/li><li class=\"shariff-button twitter shariff-nocustomcolor\" style=\"background-color:#595959\"><a href=\"https:\/\/twitter.com\/share?url=https%3A%2F%2Fwww.karaoke-helden.de%2Fplaybackshop%2Fevent-tipp-speyer-picknickkonzert-mit-moi-et-les-autres-im-adenauerpark-am-sonntag-21-juli&text=Event-Tipp%20%E2%80%93%20Speyer%20%E2%80%93%20Picknickkonzert%20mit%20%E2%80%9CMoi%20et%20les%20autres%E2%80%9D%20im%20Adenauerpark%20am%20Sonntag%2C%2021.%20Juli&via=d24online\" title=\"Bei X teilen\" aria-label=\"Bei X teilen\" role=\"button\" rel=\"noopener nofollow\" class=\"shariff-link\" style=\"; background-color:#000; color:#fff\" target=\"_blank\"><span class=\"shariff-icon\" style=\"\"><svg width=\"32px\" height=\"20px\" xmlns=\"http:\/\/www.w3.org\/2000\/svg\" viewBox=\"0 0 24 24\"><path fill=\"#000\" d=\"M14.258 10.152L23.176 0h-2.113l-7.747 8.813L7.133 0H0l9.352 13.328L0 23.973h2.113l8.176-9.309 6.531 9.309h7.133zm-2.895 3.293l-.949-1.328L2.875 1.56h3.246l6.086 8.523.945 1.328 7.91 11.078h-3.246zm0 0\"\/><\/svg><\/span><span class=\"shariff-text\">teilen<\/span>&nbsp;<\/a><\/li><li class=\"shariff-button linkedin shariff-nocustomcolor\" style=\"background-color:#1488bf\"><a href=\"https:\/\/www.linkedin.com\/sharing\/share-offsite\/?url=https%3A%2F%2Fwww.karaoke-helden.de%2Fplaybackshop%2Fevent-tipp-speyer-picknickkonzert-mit-moi-et-les-autres-im-adenauerpark-am-sonntag-21-juli\" title=\"Bei LinkedIn teilen\" aria-label=\"Bei LinkedIn teilen\" role=\"button\" rel=\"noopener nofollow\" class=\"shariff-link\" style=\"; background-color:#0077b5; color:#fff\" target=\"_blank\"><span class=\"shariff-icon\" style=\"\"><svg width=\"32px\" height=\"20px\" xmlns=\"http:\/\/www.w3.org\/2000\/svg\" viewBox=\"0 0 27 32\"><path fill=\"#0077b5\" d=\"M6.2 11.2v17.7h-5.9v-17.7h5.9zM6.6 5.7q0 1.3-0.9 2.2t-2.4 0.9h0q-1.5 0-2.4-0.9t-0.9-2.2 0.9-2.2 2.4-0.9 2.4 0.9 0.9 2.2zM27.4 18.7v10.1h-5.9v-9.5q0-1.9-0.7-2.9t-2.3-1.1q-1.1 0-1.9 0.6t-1.2 1.5q-0.2 0.5-0.2 1.4v9.9h-5.9q0-7.1 0-11.6t0-5.3l0-0.9h5.9v2.6h0q0.4-0.6 0.7-1t1-0.9 1.6-0.8 2-0.3q3 0 4.9 2t1.9 6z\"\/><\/svg><\/span><span class=\"shariff-text\">teilen<\/span>&nbsp;<\/a><\/li><li class=\"shariff-button rss shariff-nocustomcolor\" style=\"background-color:#ff8c00\"><a href=\"https:\/\/www.karaoke-helden.de\/playbackshop\/feed\/rss\" title=\"RSS-feed\" aria-label=\"RSS-feed\" role=\"button\" class=\"shariff-link\" style=\"; background-color:#fe9312; color:#fff\" target=\"_blank\"><span class=\"shariff-icon\" style=\"\"><svg width=\"32px\" height=\"20px\" xmlns=\"http:\/\/www.w3.org\/2000\/svg\" viewBox=\"0 0 32 32\"><path fill=\"#fe9312\" d=\"M4.3 23.5c-2.3 0-4.3 1.9-4.3 4.3 0 2.3 1.9 4.2 4.3 4.2 2.4 0 4.3-1.9 4.3-4.2 0-2.3-1.9-4.3-4.3-4.3zM0 10.9v6.1c4 0 7.7 1.6 10.6 4.4 2.8 2.8 4.4 6.6 4.4 10.6h6.2c0-11.7-9.5-21.1-21.1-21.1zM0 0v6.1c14.2 0 25.8 11.6 25.8 25.9h6.2c0-17.6-14.4-32-32-32z\"\/><\/svg><\/span><span class=\"shariff-text\">RSS-feed<\/span>&nbsp;<\/a><\/li><li class=\"shariff-button printer shariff-nocustomcolor\" style=\"background-color:#a8a8a8\"><a href=\"javascript:window.print()\" title=\"drucken\" aria-label=\"drucken\" role=\"button\" rel=\"noopener nofollow\" class=\"shariff-link\" style=\"; background-color:#999; color:#fff\"><span class=\"shariff-icon\" style=\"\"><svg width=\"32px\" height=\"20px\" xmlns=\"http:\/\/www.w3.org\/2000\/svg\" viewBox=\"0 0 30 32\"><path fill=\"#999\" d=\"M6.8 27.4h16v-4.6h-16v4.6zM6.8 16h16v-6.8h-2.8q-0.7 0-1.2-0.5t-0.5-1.2v-2.8h-11.4v11.4zM27.4 17.2q0-0.5-0.3-0.8t-0.8-0.4-0.8 0.4-0.3 0.8 0.3 0.8 0.8 0.3 0.8-0.3 0.3-0.8zM29.7 17.2v7.4q0 0.2-0.2 0.4t-0.4 0.2h-4v2.8q0 0.7-0.5 1.2t-1.2 0.5h-17.2q-0.7 0-1.2-0.5t-0.5-1.2v-2.8h-4q-0.2 0-0.4-0.2t-0.2-0.4v-7.4q0-1.4 1-2.4t2.4-1h1.2v-9.7q0-0.7 0.5-1.2t1.2-0.5h12q0.7 0 1.6 0.4t1.3 0.8l2.7 2.7q0.5 0.5 0.9 1.4t0.4 1.6v4.6h1.1q1.4 0 2.4 1t1 2.4z\"\/><\/svg><\/span><span class=\"shariff-text\">drucken<\/span>&nbsp;<\/a><\/li><li class=\"shariff-button whatsapp shariff-nocustomcolor\" style=\"background-color:#5cbe4a\"><a href=\"https:\/\/api.whatsapp.com\/send?text=https%3A%2F%2Fwww.karaoke-helden.de%2Fplaybackshop%2Fevent-tipp-speyer-picknickkonzert-mit-moi-et-les-autres-im-adenauerpark-am-sonntag-21-juli%20Event-Tipp%20%E2%80%93%20Speyer%20%E2%80%93%20Picknickkonzert%20mit%20%E2%80%9CMoi%20et%20les%20autres%E2%80%9D%20im%20Adenauerpark%20am%20Sonntag%2C%2021.%20Juli\" title=\"Bei Whatsapp teilen\" aria-label=\"Bei Whatsapp teilen\" role=\"button\" rel=\"noopener nofollow\" class=\"shariff-link\" style=\"; background-color:#34af23; color:#fff\" target=\"_blank\"><span class=\"shariff-icon\" style=\"\"><svg width=\"32px\" height=\"20px\" xmlns=\"http:\/\/www.w3.org\/2000\/svg\" viewBox=\"0 0 32 32\"><path fill=\"#34af23\" d=\"M17.6 17.4q0.2 0 1.7 0.8t1.6 0.9q0 0.1 0 0.3 0 0.6-0.3 1.4-0.3 0.7-1.3 1.2t-1.8 0.5q-1 0-3.4-1.1-1.7-0.8-3-2.1t-2.6-3.3q-1.3-1.9-1.3-3.5v-0.1q0.1-1.6 1.3-2.8 0.4-0.4 0.9-0.4 0.1 0 0.3 0t0.3 0q0.3 0 0.5 0.1t0.3 0.5q0.1 0.4 0.6 1.6t0.4 1.3q0 0.4-0.6 1t-0.6 0.8q0 0.1 0.1 0.3 0.6 1.3 1.8 2.4 1 0.9 2.7 1.8 0.2 0.1 0.4 0.1 0.3 0 1-0.9t0.9-0.9zM14 26.9q2.3 0 4.3-0.9t3.6-2.4 2.4-3.6 0.9-4.3-0.9-4.3-2.4-3.6-3.6-2.4-4.3-0.9-4.3 0.9-3.6 2.4-2.4 3.6-0.9 4.3q0 3.6 2.1 6.6l-1.4 4.2 4.3-1.4q2.8 1.9 6.2 1.9zM14 2.2q2.7 0 5.2 1.1t4.3 2.9 2.9 4.3 1.1 5.2-1.1 5.2-2.9 4.3-4.3 2.9-5.2 1.1q-3.5 0-6.5-1.7l-7.4 2.4 2.4-7.2q-1.9-3.2-1.9-6.9 0-2.7 1.1-5.2t2.9-4.3 4.3-2.9 5.2-1.1z\"\/><\/svg><\/span><span class=\"shariff-text\">teilen<\/span>&nbsp;<\/a><\/li><\/ul><\/div>","protected":false},"excerpt":{"rendered":"<p>Event-Tipp &#8211; Speyer (RLP) &#8211; Am Sonntag, 21. Juli, 11 Uhr l\u00e4dt die Stadt Speyer erstmals zu einem Picknickkonzert in den Adenauerpark. Zu Gast ist Deutschlands beste Swing-Chanson&#8230; <\/p>\n","protected":false},"author":1,"featured_media":2228,"comment_status":"open","ping_status":"closed","sticky":false,"template":"","format":"standard","meta":{"rank_math_lock_modified_date":false,"footnotes":""},"categories":[1,5],"tags":[11908,11907,273,275,11914,11913,517,535,11912,575,11911,691],"class_list":["post-5306","post","type-post","status-publish","format-standard","has-post-thumbnail","hentry","category-allgemein","category-musikermagazin","tag-16-07-2019","tag-21-juli","tag-event-tipp","tag-events","tag-im-adenauerpark-am-sonntag","tag-moi-et-les-autres","tag-nachrichten","tag-news","tag-picknickkonzert-mit","tag-playback-kaufen","tag-speyer","tag-termine"],"_links":{"self":[{"href":"https:\/\/www.karaoke-helden.de\/playbackshop\/wp-json\/wp\/v2\/posts\/5306","targetHints":{"allow":["GET"]}}],"collection":[{"href":"https:\/\/www.karaoke-helden.de\/playbackshop\/wp-json\/wp\/v2\/posts"}],"about":[{"href":"https:\/\/www.karaoke-helden.de\/playbackshop\/wp-json\/wp\/v2\/types\/post"}],"author":[{"embeddable":true,"href":"https:\/\/www.karaoke-helden.de\/playbackshop\/wp-json\/wp\/v2\/users\/1"}],"replies":[{"embeddable":true,"href":"https:\/\/www.karaoke-helden.de\/playbackshop\/wp-json\/wp\/v2\/comments?post=5306"}],"version-history":[{"count":0,"href":"https:\/\/www.karaoke-helden.de\/playbackshop\/wp-json\/wp\/v2\/posts\/5306\/revisions"}],"wp:featuredmedia":[{"embeddable":true,"href":"https:\/\/www.karaoke-helden.de\/playbackshop\/wp-json\/wp\/v2\/media\/2228"}],"wp:attachment":[{"href":"https:\/\/www.karaoke-helden.de\/playbackshop\/wp-json\/wp\/v2\/media?parent=5306"}],"wp:term":[{"taxonomy":"category","embeddable":true,"href":"https:\/\/www.karaoke-helden.de\/playbackshop\/wp-json\/wp\/v2\/categories?post=5306"},{"taxonomy":"post_tag","embeddable":true,"href":"https:\/\/www.karaoke-helden.de\/playbackshop\/wp-json\/wp\/v2\/tags?post=5306"}],"curies":[{"name":"wp","href":"https:\/\/api.w.org\/{rel}","templated":true}]}}