{"id":7027,"date":"2020-01-08T12:33:21","date_gmt":"2020-01-08T11:33:21","guid":{"rendered":"https:\/\/www.karaoke-helden.de\/playbackshop\/?p=7027"},"modified":"2020-01-08T12:33:21","modified_gmt":"2020-01-08T11:33:21","slug":"event-tipp-pirmasens-kammerkonzert-zum-250-geburtstag-von-ludwig-van-beethoven-am-sonntag-19-januar-2020","status":"publish","type":"post","link":"https:\/\/www.karaoke-helden.de\/playbackshop\/event-tipp-pirmasens-kammerkonzert-zum-250-geburtstag-von-ludwig-van-beethoven-am-sonntag-19-januar-2020","title":{"rendered":"Event-Tipp &#8211; Pirmasens &#8211; Kammerkonzert zum 250. Geburtstag von Ludwig van Beethoven am Sonntag, 19. Januar 2020"},"content":{"rendered":"<p><em><strong><img decoding=\"async\" class=\"size-full wp-image-2228 alignright\" src=\"https:\/\/www.karaoke-helden.de\/playbackshop\/wp-content\/uploads\/2018\/09\/Event-Tipps-World-Of-Karaoke-Magazin-.gif\" alt=\"Event-Tipps-World-Of-Karaoke-Magazin-\" width=\"430\" height=\"430\" \/>Event-Tipp &#8211; Pirmasens (RLP) &#8211;<\/strong><\/em> Ludwig van Beethoven und seine Musik kennt man \u00fcberall auf der Welt. Sein 250. Geburtstag wird im Jahr 2020 rund um den Erdball gefeiert. Aus diesem Anlass veranstaltet die Mozartgesellschaft in Zusammenarbeit mit dem st\u00e4dtischen Kulturamt am Sonntag, 19. Januar 2020, ein Kammerkonzert. An diesem Abend erklingen in der Festhalle alle f\u00fcnf Beethoven-Sonaten f\u00fcr Violoncello und Klavier. Es muszieren Julian Steckel und Paul Rivinius.<\/p>\n<p>In der ersten Konzerth\u00e4lfte, die um 11 Uhr beginnt, erklingen die beiden Sonaten op. 5 Nr. 1 und Nr. 2, nach einer Pause, in der ein Imbiss vom Partyservice Hill angeboten wird, folgen um 13 Uhr die Sonate op. 69 sowie die beiden Sonaten op. 102 Nr. 1 und Nr. 2.<\/p>\n<p>Beethovens Werke f\u00fcr Violoncello und Klavier verteilen sich auf einen Zeitraum von mehr als 20 Jahren und dokumentieren daher s\u00e4mtliche Schaffensperioden des Meisters. Sie geben Einblick in seine k\u00fcnstlerische und menschliche Entwicklung und spannen einen Bogen \u00fcber sein ganzes Leben sowohl als Mensch als auch als Komponist. Die beiden Sonaten des Opus 5 sind typische Fr\u00fchwerke des jungen, provokanten Klaviervirtuosen, die gro\u00dfe A-Dur-Sonate Opus 69 z\u00e4hlt zu den Hauptwerken des \u201emittleren Beethoven\u201c, w\u00e4hrend die beiden Sonaten Opus 102 die sp\u00e4te Stilphase einl\u00e4uten. Wie so viele \u201eSp\u00e4twerke\u201c des Meisters l\u00f6sten auch diese beiden Cellosonaten bei den Zeitgenossen Irritation und Befremden aus. Die Konzertbesucher d\u00fcrfen sich auf ein \u00e4u\u00dferst interessantes und abwechslungsreiches Programm freuen.<\/p>\n<p>Die beiden Interpreten sind dem versierten Pirmasenser Publikum bestens durch ihre Konzerte in der Festhalle bekannt. Paul Rivinius, Jahrgang 1970, studierte Klavier in Saarbr\u00fccken, Frankfurt und M\u00fcnchen, wo er 1998 sein Examen als Meistersch\u00fcler von Gerhard Oppitz ablegte. Als Mitglied des Clemente Trios gewann er den renommierten ARD-Wettbewerb, ist seit 2004 Mitglied des Mozart Piano Quartetts, mit dem er im Januar vergangenen Jahres in der Siebenh\u00fcgelstadt gastierte. Er genie\u00dft einen besonderen Ruf als Kammermusiker und lehrte viele Jahre als Professor f\u00fcr Kammermusik an der Musikhochschule \u00abHanns Eisler\u00bb in Berlin. Er lebt heute in M\u00fcnchen.<\/p>\n<p>Nach dem Gewinn des ARD-Musikwettbewerbs 2010 begann Julian Steckels Solokarriere. Seitdem trat der Pirmasenser unter anderem mit dem Gewandhausorchester Leipzig, dem Symphonieorchester des Bayerischen Rundfunks, dem Royal Philharmonic Orchestra, dem Orchestre de Paris auf. Er arbeitete mit Dirigenten wie Christoph Eschenbach, Sir Roger Norrington, Valery Gergiev und vielen anderen zusammen. Im Bereich der Kammermusik geh\u00f6ren etwa Janine Jansen, Christian Tetzlaff, Antje Weithaas, Renaud Capu\u00e7on, Antoine Tamestit, Lars Vogt, Elisabeth Leonskaja und die Quartette Modigliani, Armida und \u00c9b\u00e8ne zu seinen Partnern. Der 38-J\u00e4hrige unterrichtet als Professor an der Musikhochschule in M\u00fcnchen.<\/p>\n<p>Auf einen Blick: In Kooperation mit der Mozartgesellschaft Zweibr\u00fccken-Bitsch-Pirmasens findet am Sonntag, 19. Januar 2020, ein Beethoven-Kammerkonzert Julian Steckel (Cello) und Paul Rivinius (Klaiver) in der Pirmasenser Festhalle statt. Das Konzert beginnt um 11 Uhr. Der zweite Teil des Programms startet um 13 Uhr. In der Pause besteht f\u00fcr Besucher, die zuvor reserviert haben, die M\u00f6glichkeit einen Imbiss im Foyer einzunehmen.<\/p>\n<p>Eintrittskarten (inklusive Garderobengeb\u00fchr, ohne Imbiss) zum Preis von 19, erm\u00e4\u00dfigt 9,50 Euro, sind im Vorverkauf beim Kulturamt im Rathaus am Exerzierplatz, Telefon: 06331\/842352, E-Mail: kartenverkauf@pirmasens.de erh\u00e4ltlich. Das kulinarische Angebot kann ausschlie\u00dflich vorab (eine Bestellung vor Ort ist nicht m\u00f6glich) zum Preis von 15 Euro gebucht werden. Die Tageskasse ist am Veranstaltungstag ab 10 Uhr ge\u00f6ffnet.<\/p>\n<p><em>***<br \/>\nStadt Pirmasens<\/em><\/p>\n<div class=\"shariff shariff-align-center shariff-widget-align-center shariff-buttonstretch\"><ul class=\"shariff-buttons theme-color orientation-horizontal buttonsize-small\"><li class=\"shariff-button facebook shariff-nocustomcolor\" style=\"background-color:#4273c8\"><a href=\"https:\/\/www.facebook.com\/sharer\/sharer.php?u=https%3A%2F%2Fwww.karaoke-helden.de%2Fplaybackshop%2Fevent-tipp-pirmasens-kammerkonzert-zum-250-geburtstag-von-ludwig-van-beethoven-am-sonntag-19-januar-2020\" title=\"Bei Facebook teilen\" aria-label=\"Bei Facebook teilen\" role=\"button\" rel=\"nofollow\" class=\"shariff-link\" style=\"; background-color:#3b5998; color:#fff\" target=\"_blank\"><span class=\"shariff-icon\" style=\"\"><svg width=\"32px\" height=\"20px\" xmlns=\"http:\/\/www.w3.org\/2000\/svg\" viewBox=\"0 0 18 32\"><path fill=\"#3b5998\" d=\"M17.1 0.2v4.7h-2.8q-1.5 0-2.1 0.6t-0.5 1.9v3.4h5.2l-0.7 5.3h-4.5v13.6h-5.5v-13.6h-4.5v-5.3h4.5v-3.9q0-3.3 1.9-5.2t5-1.8q2.6 0 4.1 0.2z\"\/><\/svg><\/span><span class=\"shariff-text\">teilen<\/span>&nbsp;<\/a><\/li><li class=\"shariff-button twitter shariff-nocustomcolor\" style=\"background-color:#595959\"><a href=\"https:\/\/twitter.com\/share?url=https%3A%2F%2Fwww.karaoke-helden.de%2Fplaybackshop%2Fevent-tipp-pirmasens-kammerkonzert-zum-250-geburtstag-von-ludwig-van-beethoven-am-sonntag-19-januar-2020&text=Event-Tipp%20%E2%80%93%20Pirmasens%20%E2%80%93%20Kammerkonzert%20zum%20250.%20Geburtstag%20von%20Ludwig%20van%20Beethoven%20am%20Sonntag%2C%2019.%20Januar%202020&via=d24online\" title=\"Bei X teilen\" aria-label=\"Bei X teilen\" role=\"button\" rel=\"noopener nofollow\" class=\"shariff-link\" style=\"; background-color:#000; color:#fff\" target=\"_blank\"><span class=\"shariff-icon\" style=\"\"><svg width=\"32px\" height=\"20px\" xmlns=\"http:\/\/www.w3.org\/2000\/svg\" viewBox=\"0 0 24 24\"><path fill=\"#000\" d=\"M14.258 10.152L23.176 0h-2.113l-7.747 8.813L7.133 0H0l9.352 13.328L0 23.973h2.113l8.176-9.309 6.531 9.309h7.133zm-2.895 3.293l-.949-1.328L2.875 1.56h3.246l6.086 8.523.945 1.328 7.91 11.078h-3.246zm0 0\"\/><\/svg><\/span><span class=\"shariff-text\">teilen<\/span>&nbsp;<\/a><\/li><li class=\"shariff-button linkedin shariff-nocustomcolor\" style=\"background-color:#1488bf\"><a href=\"https:\/\/www.linkedin.com\/sharing\/share-offsite\/?url=https%3A%2F%2Fwww.karaoke-helden.de%2Fplaybackshop%2Fevent-tipp-pirmasens-kammerkonzert-zum-250-geburtstag-von-ludwig-van-beethoven-am-sonntag-19-januar-2020\" title=\"Bei LinkedIn teilen\" aria-label=\"Bei LinkedIn teilen\" role=\"button\" rel=\"noopener nofollow\" class=\"shariff-link\" style=\"; background-color:#0077b5; color:#fff\" target=\"_blank\"><span class=\"shariff-icon\" style=\"\"><svg width=\"32px\" height=\"20px\" xmlns=\"http:\/\/www.w3.org\/2000\/svg\" viewBox=\"0 0 27 32\"><path fill=\"#0077b5\" d=\"M6.2 11.2v17.7h-5.9v-17.7h5.9zM6.6 5.7q0 1.3-0.9 2.2t-2.4 0.9h0q-1.5 0-2.4-0.9t-0.9-2.2 0.9-2.2 2.4-0.9 2.4 0.9 0.9 2.2zM27.4 18.7v10.1h-5.9v-9.5q0-1.9-0.7-2.9t-2.3-1.1q-1.1 0-1.9 0.6t-1.2 1.5q-0.2 0.5-0.2 1.4v9.9h-5.9q0-7.1 0-11.6t0-5.3l0-0.9h5.9v2.6h0q0.4-0.6 0.7-1t1-0.9 1.6-0.8 2-0.3q3 0 4.9 2t1.9 6z\"\/><\/svg><\/span><span class=\"shariff-text\">teilen<\/span>&nbsp;<\/a><\/li><li class=\"shariff-button rss shariff-nocustomcolor\" style=\"background-color:#ff8c00\"><a href=\"https:\/\/www.karaoke-helden.de\/playbackshop\/feed\/rss\" title=\"RSS-feed\" aria-label=\"RSS-feed\" role=\"button\" class=\"shariff-link\" style=\"; background-color:#fe9312; color:#fff\" target=\"_blank\"><span class=\"shariff-icon\" style=\"\"><svg width=\"32px\" height=\"20px\" xmlns=\"http:\/\/www.w3.org\/2000\/svg\" viewBox=\"0 0 32 32\"><path fill=\"#fe9312\" d=\"M4.3 23.5c-2.3 0-4.3 1.9-4.3 4.3 0 2.3 1.9 4.2 4.3 4.2 2.4 0 4.3-1.9 4.3-4.2 0-2.3-1.9-4.3-4.3-4.3zM0 10.9v6.1c4 0 7.7 1.6 10.6 4.4 2.8 2.8 4.4 6.6 4.4 10.6h6.2c0-11.7-9.5-21.1-21.1-21.1zM0 0v6.1c14.2 0 25.8 11.6 25.8 25.9h6.2c0-17.6-14.4-32-32-32z\"\/><\/svg><\/span><span class=\"shariff-text\">RSS-feed<\/span>&nbsp;<\/a><\/li><li class=\"shariff-button printer shariff-nocustomcolor\" style=\"background-color:#a8a8a8\"><a href=\"javascript:window.print()\" title=\"drucken\" aria-label=\"drucken\" role=\"button\" rel=\"noopener nofollow\" class=\"shariff-link\" style=\"; background-color:#999; color:#fff\"><span class=\"shariff-icon\" style=\"\"><svg width=\"32px\" height=\"20px\" xmlns=\"http:\/\/www.w3.org\/2000\/svg\" viewBox=\"0 0 30 32\"><path fill=\"#999\" d=\"M6.8 27.4h16v-4.6h-16v4.6zM6.8 16h16v-6.8h-2.8q-0.7 0-1.2-0.5t-0.5-1.2v-2.8h-11.4v11.4zM27.4 17.2q0-0.5-0.3-0.8t-0.8-0.4-0.8 0.4-0.3 0.8 0.3 0.8 0.8 0.3 0.8-0.3 0.3-0.8zM29.7 17.2v7.4q0 0.2-0.2 0.4t-0.4 0.2h-4v2.8q0 0.7-0.5 1.2t-1.2 0.5h-17.2q-0.7 0-1.2-0.5t-0.5-1.2v-2.8h-4q-0.2 0-0.4-0.2t-0.2-0.4v-7.4q0-1.4 1-2.4t2.4-1h1.2v-9.7q0-0.7 0.5-1.2t1.2-0.5h12q0.7 0 1.6 0.4t1.3 0.8l2.7 2.7q0.5 0.5 0.9 1.4t0.4 1.6v4.6h1.1q1.4 0 2.4 1t1 2.4z\"\/><\/svg><\/span><span class=\"shariff-text\">drucken<\/span>&nbsp;<\/a><\/li><li class=\"shariff-button whatsapp shariff-nocustomcolor\" style=\"background-color:#5cbe4a\"><a href=\"https:\/\/api.whatsapp.com\/send?text=https%3A%2F%2Fwww.karaoke-helden.de%2Fplaybackshop%2Fevent-tipp-pirmasens-kammerkonzert-zum-250-geburtstag-von-ludwig-van-beethoven-am-sonntag-19-januar-2020%20Event-Tipp%20%E2%80%93%20Pirmasens%20%E2%80%93%20Kammerkonzert%20zum%20250.%20Geburtstag%20von%20Ludwig%20van%20Beethoven%20am%20Sonntag%2C%2019.%20Januar%202020\" title=\"Bei Whatsapp teilen\" aria-label=\"Bei Whatsapp teilen\" role=\"button\" rel=\"noopener nofollow\" class=\"shariff-link\" style=\"; background-color:#34af23; color:#fff\" target=\"_blank\"><span class=\"shariff-icon\" style=\"\"><svg width=\"32px\" height=\"20px\" xmlns=\"http:\/\/www.w3.org\/2000\/svg\" viewBox=\"0 0 32 32\"><path fill=\"#34af23\" d=\"M17.6 17.4q0.2 0 1.7 0.8t1.6 0.9q0 0.1 0 0.3 0 0.6-0.3 1.4-0.3 0.7-1.3 1.2t-1.8 0.5q-1 0-3.4-1.1-1.7-0.8-3-2.1t-2.6-3.3q-1.3-1.9-1.3-3.5v-0.1q0.1-1.6 1.3-2.8 0.4-0.4 0.9-0.4 0.1 0 0.3 0t0.3 0q0.3 0 0.5 0.1t0.3 0.5q0.1 0.4 0.6 1.6t0.4 1.3q0 0.4-0.6 1t-0.6 0.8q0 0.1 0.1 0.3 0.6 1.3 1.8 2.4 1 0.9 2.7 1.8 0.2 0.1 0.4 0.1 0.3 0 1-0.9t0.9-0.9zM14 26.9q2.3 0 4.3-0.9t3.6-2.4 2.4-3.6 0.9-4.3-0.9-4.3-2.4-3.6-3.6-2.4-4.3-0.9-4.3 0.9-3.6 2.4-2.4 3.6-0.9 4.3q0 3.6 2.1 6.6l-1.4 4.2 4.3-1.4q2.8 1.9 6.2 1.9zM14 2.2q2.7 0 5.2 1.1t4.3 2.9 2.9 4.3 1.1 5.2-1.1 5.2-2.9 4.3-4.3 2.9-5.2 1.1q-3.5 0-6.5-1.7l-7.4 2.4 2.4-7.2q-1.9-3.2-1.9-6.9 0-2.7 1.1-5.2t2.9-4.3 4.3-2.9 5.2-1.1z\"\/><\/svg><\/span><span class=\"shariff-text\">teilen<\/span>&nbsp;<\/a><\/li><\/ul><\/div>","protected":false},"excerpt":{"rendered":"<p>Event-Tipp &#8211; Pirmasens (RLP) &#8211; Ludwig van Beethoven und seine Musik kennt man \u00fcberall auf der Welt. Sein 250. Geburtstag wird im Jahr 2020 rund um den Erdball&#8230; <\/p>\n","protected":false},"author":1,"featured_media":2228,"comment_status":"closed","ping_status":"closed","sticky":false,"template":"","format":"standard","meta":{"rank_math_lock_modified_date":false,"footnotes":""},"categories":[1,5],"tags":[14476,14483,7601,273,14481,396,14484,447,501,517,535,13613,9324,691,14482],"class_list":["post-7027","post","type-post","status-publish","format-standard","has-post-thumbnail","hentry","category-allgemein","category-musikermagazin","tag-08-01-2020","tag-19-januar-2020","tag-am-sonntag","tag-event-tipp","tag-kammerkonzert-zum-250-geburtstag","tag-karaoke-helden","tag-klassik","tag-lokales","tag-musik","tag-nachrichten","tag-news","tag-pirmasens","tag-playback-shop","tag-termine","tag-von-ludwig-van-beethoven"],"_links":{"self":[{"href":"https:\/\/www.karaoke-helden.de\/playbackshop\/wp-json\/wp\/v2\/posts\/7027","targetHints":{"allow":["GET"]}}],"collection":[{"href":"https:\/\/www.karaoke-helden.de\/playbackshop\/wp-json\/wp\/v2\/posts"}],"about":[{"href":"https:\/\/www.karaoke-helden.de\/playbackshop\/wp-json\/wp\/v2\/types\/post"}],"author":[{"embeddable":true,"href":"https:\/\/www.karaoke-helden.de\/playbackshop\/wp-json\/wp\/v2\/users\/1"}],"replies":[{"embeddable":true,"href":"https:\/\/www.karaoke-helden.de\/playbackshop\/wp-json\/wp\/v2\/comments?post=7027"}],"version-history":[{"count":0,"href":"https:\/\/www.karaoke-helden.de\/playbackshop\/wp-json\/wp\/v2\/posts\/7027\/revisions"}],"wp:featuredmedia":[{"embeddable":true,"href":"https:\/\/www.karaoke-helden.de\/playbackshop\/wp-json\/wp\/v2\/media\/2228"}],"wp:attachment":[{"href":"https:\/\/www.karaoke-helden.de\/playbackshop\/wp-json\/wp\/v2\/media?parent=7027"}],"wp:term":[{"taxonomy":"category","embeddable":true,"href":"https:\/\/www.karaoke-helden.de\/playbackshop\/wp-json\/wp\/v2\/categories?post=7027"},{"taxonomy":"post_tag","embeddable":true,"href":"https:\/\/www.karaoke-helden.de\/playbackshop\/wp-json\/wp\/v2\/tags?post=7027"}],"curies":[{"name":"wp","href":"https:\/\/api.w.org\/{rel}","templated":true}]}}