{"id":7140,"date":"2020-01-20T12:50:00","date_gmt":"2020-01-20T11:50:00","guid":{"rendered":"https:\/\/www.karaoke-helden.de\/playbackshop\/?p=7140"},"modified":"2020-01-20T12:50:00","modified_gmt":"2020-01-20T11:50:00","slug":"musikermagazin-stadt-wertheim-musikschueler-glaenzen-bei-jugend-musiziert","status":"publish","type":"post","link":"https:\/\/www.karaoke-helden.de\/playbackshop\/musikermagazin-stadt-wertheim-musikschueler-glaenzen-bei-jugend-musiziert","title":{"rendered":"Musikermagazin &#8211; Stadt Wertheim &#8211; Musiksch\u00fcler gl\u00e4nzen bei \u201eJugend musiziert\u201c"},"content":{"rendered":"<h2>14 erste Preise f\u00fcr Wertheimer Nachwuchsk\u00fcnstler<\/h2>\n<p><em><strong><img decoding=\"async\" class=\"size-full wp-image-4091 alignright\" src=\"https:\/\/www.karaoke-helden.de\/playbackshop\/wp-content\/uploads\/2019\/05\/Karaoke-Kl\u00f6nschnack-News-.jpg\" alt=\"Karaoke-Kl\u00f6nschnack-News-\" width=\"430\" height=\"430\" srcset=\"https:\/\/www.karaoke-helden.de\/playbackshop\/wp-content\/uploads\/2019\/05\/Karaoke-Kl\u00f6nschnack-News-.jpg 430w, https:\/\/www.karaoke-helden.de\/playbackshop\/wp-content\/uploads\/2019\/05\/Karaoke-Kl\u00f6nschnack-News--100x100.jpg 100w, https:\/\/www.karaoke-helden.de\/playbackshop\/wp-content\/uploads\/2019\/05\/Karaoke-Kl\u00f6nschnack-News--64x64.jpg 64w, https:\/\/www.karaoke-helden.de\/playbackshop\/wp-content\/uploads\/2019\/05\/Karaoke-Kl\u00f6nschnack-News--320x320.jpg 320w, https:\/\/www.karaoke-helden.de\/playbackshop\/wp-content\/uploads\/2019\/05\/Karaoke-Kl\u00f6nschnack-News--155x155.jpg 155w, https:\/\/www.karaoke-helden.de\/playbackshop\/wp-content\/uploads\/2019\/05\/Karaoke-Kl\u00f6nschnack-News--150x150.jpg 150w, https:\/\/www.karaoke-helden.de\/playbackshop\/wp-content\/uploads\/2019\/05\/Karaoke-Kl\u00f6nschnack-News--95x95.jpg 95w, https:\/\/www.karaoke-helden.de\/playbackshop\/wp-content\/uploads\/2019\/05\/Karaoke-Kl\u00f6nschnack-News--300x300.jpg 300w\" sizes=\"(max-width: 430px) 100vw, 430px\" \/>Musikermagazin &#8211; Wertheim (BW) &#8211;<\/strong><\/em> \u00dcberaus erfolgreich ist f\u00fcr Wertheim am Wochenende der 57. Regionalwettbewerb &#8220;Jugend musiziert&#8221; in Schw\u00e4bisch Hall zu Ende gegangen. 154 Teilnehmer traten insgesamt an, die St\u00e4dtische Musikschule Wertheim war mit 26 Teilnehmern weit \u00fcberdurchschnittlich gut vertreten. Auch qualitativ waren die Wertheimer Ergebnisse wieder herausragend: Mit 14 ersten Preisen wurde die Ausbeute im Vergleich zum Vorjahr verdoppelt. Dreimal gab es hier die maximale Punktzahl von 25. Zus\u00e4tzlich gewannen sechs Nachwuchsk\u00fcnstler einen zweiten Preis sowie f\u00fcnf einen dritten Preis. F\u00fcnf Sch\u00fclerinnen und Sch\u00fcler geh\u00f6rten zu den am besten bewerteten ihrer Altersgruppen. Vier Wertheimer qualifizierten sich f\u00fcr den Landeswettbewerb.<\/p>\n<p>Als erste Teilnehmerin trat am Samstag die siebenj\u00e4hrige Greta Schilling in der Wertung &#8220;Klavier solo&#8221; (Altersgruppe 1A) auf. Die junge Musikerin erreichte mit 24 Punkten einen ersten Preis und geh\u00f6rte in ihrer Altersgruppe zu den Bestbewerteten, da die maximale Punktzahl nicht vergeben wurde. Sie wird von Fedra Blido unterrichtet. In der gleichen Wertung &#8220;Klavier solo&#8221; (Altersgruppe 1B) spielte Carina Guskow. Sie bekam f\u00fcr ihren Vortrag 24 Punkte und auch einen ersten Preis. Die Neunj\u00e4hrige kommt ebenfalls aus der Klasse von Fedra Blido. F\u00fcr die beiden M\u00e4dchen war es die erste Teilnahme beim Wettbewerb.<\/p>\n<p>Weiter ging es in dieser Altersgruppe mit den Sch\u00fclerinnen Livia Sacco, acht Jahre, und der neunj\u00e4hrigen Jessica Biedermann aus der Klasse von Jewgenija Skripal. Die zwei Pianistinnen nahmen ebenfalls zum ersten Mal an dem Wettbewerb teil. Beide spielten sehr \u00fcberzeugend und bekamen f\u00fcr ihren Vortrag mit jeweils 23 Punkten einen ersten Preis.<\/p>\n<p>Ebenfalls am Samstagvormittag trat in der Wertung &#8220;Streicher-Ensemble, gleiche Instrumente&#8221; ein Violin-Duo aus der Klasse von Arkadij Satanowskij auf: Theresa Genise, zehn Jahre, und die achtj\u00e4hrige Magdalena Merklein. F\u00fcr ihre Darbietung vergab die Jury die maximale Punktzahl. Die beiden Sch\u00fclerinnen geh\u00f6rten somit zu den bestbewerteten K\u00fcnstlern in ihrer Altersgruppe. Eine Weiterleitung zum Landeswettbewerb ist in den Altersgruppen 1A und 1B nicht m\u00f6glich.<\/p>\n<p>Auch die Sch\u00fcler aus der Klasse von Michael Geiger hatten einen \u00fcberzeugenden Auftritt. Den Anfang machte in der Kategorie &#8220;Blechbl\u00e4ser, gleiche Instrumente&#8221; der Altersgruppe 1B das H\u00f6rner-Trio mit Johann Rechenberg und Julian Lasarenko, beide sieben Jahre alt, sowie dem neunj\u00e4hrigen Maximilian Lasarenko. Die drei sehr jungen Sch\u00fcler nahmen erstmals an &#8220;Jugend musiziert&#8221; teil. Sie \u00fcberzeugten bei ihrem Deb\u00fct und bekamen mit 23 Punkten einen ersten Preis.<\/p>\n<p>Weiter ging es in der gleichen Wertung (Altersgruppe 2) mit dem Trompeten-Trio Lucas Sch\u00e4fner, neun Jahre, sowie Samuel Thies und Michael H\u00e4ge, beide zehn Jahre. Sie erhielten mit 20 Punkten einen zweiten Preis. In der Altersgruppe 3 erspielte sich ein weiteres Trompeten-Trio von Michael Geiger einen zweiten Preis. Christian Hartke und Luis Busse, beide 13 Jahre, und der 14-j\u00e4hrige Konstantin Ziegler bekamen ebenfalls 20 Punkte.<\/p>\n<p>Am Samstagnachmittag war das Saxofon-Quintett aus der Klasse von Eduard Prost dran. In der Wertung &#8220;Holzbl\u00e4ser, gleiche Instrumente&#8221; (Altersgruppe 5) spielten die 16-j\u00e4hrige Daria Breuer, die beiden 15 Jahre alten Silas Wojcik und Nadine Gehlfu\u00df sowie Alexander Bachmann und Thilo von Donop, beide 17 Jahre. Mit 16 Punkten schafften sie einen dritten Preis.<br \/>\nAm Sonntag ging es weiter f\u00fcr die Wertheimer mit den Wertungen &#8220;Klavier solo&#8221; und &#8220;Drum-Set (Pop)&#8221;. Zun\u00e4chst waren wieder vier Sch\u00fclerinnen und Sch\u00fcler aus der Klasse von Fedra Blido an der Reihe. In der Altersgruppe 5 trat der 17-j\u00e4hrige Philipp Gl\u00e4ser auf. Der angehende Abiturient bekam f\u00fcr seine Darbietung 22 Punkte und einen ersten Preis. Luise Braun trat in der Altersgruppe 3 auf. Sie bekam ebenfalls einen ersten Preis mit 24 Punkten und zudem die Weiterleitung zum Landeswettbewerb. Die 13-j\u00e4hrige geh\u00f6rte zu den Bestbewerteten ihrer Altersgruppe, die Maximalpunktzahl wurde nicht vergeben.<\/p>\n<p>Auch der 15 Jahre alte Leopold Braun \u00fcberzeugte die Fachjury. In der Altersgruppe 4 erreichte er mit 23 Punkten einen ersten Preis und darf ebenfalls zum Landeswettbewerb fahren. Schlie\u00dflich trat Antonia Ebert in der Altersgruppe 6 auf. Die 18-J\u00e4hrige erspielte sich die maximale Punktzahl von 25. Mit einem ersten Preis im Gep\u00e4ck geht es auch f\u00fcr sie in die n\u00e4chste Runde.<br \/>\nSeinen ersten Auftritt bei &#8220;Jugend musiziert&#8221; hatte Zeno Wei\u00df in der Wertung &#8220;Drum-Set (Pop)&#8221;. Der Zehnj\u00e4hrige holte mit 23 Punkten auf Anhieb einen ersten Preis in der Altersgruppe 2. Dieser Erfolg bedeutete zugleich die Weiterleitung zum Landeswettbewerb. Kurt Sitterli unterrichtet den jungen Musiker. Auf ihren Auftritt warten muss noch die acht Jahre alte Hanna Kirchner. In der Wertung &#8220;Harfe&#8221; tritt die Wertheimer Sch\u00fclerin am kommenden Wochenende in Heilbronn auf.<\/p>\n<p>Die Schulleiter Fedra und Stefan Blido verfolgten den Wettbewerb aus der N\u00e4he. &#8220;Wir sind sehr stolz auf die Leistungen unserer Sch\u00fclerinnen und Sch\u00fcler&#8221;, freute sich das Paar. Die Erfolge der Musikschule sowie das Engagement der Schulleitung im Regionalausschuss &#8220;Jugend musiziert&#8221; werden sehr gew\u00fcrdigt und gesch\u00e4tzt. Die Stadt Wertheim und der F\u00f6rderverein der Musikschule unterst\u00fctzen seit vielen Jahren den Wettbewerb &#8220;Jugend musiziert&#8221; in vielf\u00e4ltiger Form. &#8220;Ohne dieses Engagement w\u00e4ren solche Erfolge nicht m\u00f6glich,&#8221; betonten Fedra und Stefan Blido.<br \/>\nDer Landeswettbewerb findet von 25. bis 29. M\u00e4rz in Tuttlingen statt bzw. f\u00fcr die Wertung &#8220;Drum-Set (Pop)&#8221; von 27 bis 29. M\u00e4rz in Waldstetten. Die St\u00e4dtische Musikschule leistet mit der Teilnahme am Wettbewerb &#8220;Jugend musiziert&#8221; einen wesentlichen Beitrag zur Vorbereitung auf die Berufsausbildung zuk\u00fcnftiger Musiker und Musikp\u00e4dagogen. Zahlreiche Teilnehmer vergangener Wettbewerbe haben erfolgreich eine entsprechende berufliche Karriere aufgenommen.<\/p>\n<p>***<br \/>\n<em>Stadtverwaltung Wertheim<br \/>\n&#8211; Kommunikation und \u00d6ffentlichkeit &#8211;<br \/>\n97877 Wertheim<\/em><\/p>\n<div class=\"shariff shariff-align-center shariff-widget-align-center shariff-buttonstretch\"><ul class=\"shariff-buttons theme-color orientation-horizontal buttonsize-small\"><li class=\"shariff-button facebook shariff-nocustomcolor\" style=\"background-color:#4273c8\"><a href=\"https:\/\/www.facebook.com\/sharer\/sharer.php?u=https%3A%2F%2Fwww.karaoke-helden.de%2Fplaybackshop%2Fmusikermagazin-stadt-wertheim-musikschueler-glaenzen-bei-jugend-musiziert\" title=\"Bei Facebook teilen\" aria-label=\"Bei Facebook teilen\" role=\"button\" rel=\"nofollow\" class=\"shariff-link\" style=\"; background-color:#3b5998; color:#fff\" target=\"_blank\"><span class=\"shariff-icon\" style=\"\"><svg width=\"32px\" height=\"20px\" xmlns=\"http:\/\/www.w3.org\/2000\/svg\" viewBox=\"0 0 18 32\"><path fill=\"#3b5998\" d=\"M17.1 0.2v4.7h-2.8q-1.5 0-2.1 0.6t-0.5 1.9v3.4h5.2l-0.7 5.3h-4.5v13.6h-5.5v-13.6h-4.5v-5.3h4.5v-3.9q0-3.3 1.9-5.2t5-1.8q2.6 0 4.1 0.2z\"\/><\/svg><\/span><span class=\"shariff-text\">teilen<\/span>&nbsp;<\/a><\/li><li class=\"shariff-button twitter shariff-nocustomcolor\" style=\"background-color:#595959\"><a href=\"https:\/\/twitter.com\/share?url=https%3A%2F%2Fwww.karaoke-helden.de%2Fplaybackshop%2Fmusikermagazin-stadt-wertheim-musikschueler-glaenzen-bei-jugend-musiziert&text=Musikermagazin%20%E2%80%93%20Stadt%20Wertheim%20%E2%80%93%20Musiksch%C3%BCler%20gl%C3%A4nzen%20bei%20%E2%80%9EJugend%20musiziert%E2%80%9C&via=d24online\" title=\"Bei X teilen\" aria-label=\"Bei X teilen\" role=\"button\" rel=\"noopener nofollow\" class=\"shariff-link\" style=\"; background-color:#000; color:#fff\" target=\"_blank\"><span class=\"shariff-icon\" style=\"\"><svg width=\"32px\" height=\"20px\" xmlns=\"http:\/\/www.w3.org\/2000\/svg\" viewBox=\"0 0 24 24\"><path fill=\"#000\" d=\"M14.258 10.152L23.176 0h-2.113l-7.747 8.813L7.133 0H0l9.352 13.328L0 23.973h2.113l8.176-9.309 6.531 9.309h7.133zm-2.895 3.293l-.949-1.328L2.875 1.56h3.246l6.086 8.523.945 1.328 7.91 11.078h-3.246zm0 0\"\/><\/svg><\/span><span class=\"shariff-text\">teilen<\/span>&nbsp;<\/a><\/li><li class=\"shariff-button linkedin shariff-nocustomcolor\" style=\"background-color:#1488bf\"><a href=\"https:\/\/www.linkedin.com\/sharing\/share-offsite\/?url=https%3A%2F%2Fwww.karaoke-helden.de%2Fplaybackshop%2Fmusikermagazin-stadt-wertheim-musikschueler-glaenzen-bei-jugend-musiziert\" title=\"Bei LinkedIn teilen\" aria-label=\"Bei LinkedIn teilen\" role=\"button\" rel=\"noopener nofollow\" class=\"shariff-link\" style=\"; background-color:#0077b5; color:#fff\" target=\"_blank\"><span class=\"shariff-icon\" style=\"\"><svg width=\"32px\" height=\"20px\" xmlns=\"http:\/\/www.w3.org\/2000\/svg\" viewBox=\"0 0 27 32\"><path fill=\"#0077b5\" d=\"M6.2 11.2v17.7h-5.9v-17.7h5.9zM6.6 5.7q0 1.3-0.9 2.2t-2.4 0.9h0q-1.5 0-2.4-0.9t-0.9-2.2 0.9-2.2 2.4-0.9 2.4 0.9 0.9 2.2zM27.4 18.7v10.1h-5.9v-9.5q0-1.9-0.7-2.9t-2.3-1.1q-1.1 0-1.9 0.6t-1.2 1.5q-0.2 0.5-0.2 1.4v9.9h-5.9q0-7.1 0-11.6t0-5.3l0-0.9h5.9v2.6h0q0.4-0.6 0.7-1t1-0.9 1.6-0.8 2-0.3q3 0 4.9 2t1.9 6z\"\/><\/svg><\/span><span class=\"shariff-text\">teilen<\/span>&nbsp;<\/a><\/li><li class=\"shariff-button rss shariff-nocustomcolor\" style=\"background-color:#ff8c00\"><a href=\"https:\/\/www.karaoke-helden.de\/playbackshop\/feed\/rss\" title=\"RSS-feed\" aria-label=\"RSS-feed\" role=\"button\" class=\"shariff-link\" style=\"; background-color:#fe9312; color:#fff\" target=\"_blank\"><span class=\"shariff-icon\" style=\"\"><svg width=\"32px\" height=\"20px\" xmlns=\"http:\/\/www.w3.org\/2000\/svg\" viewBox=\"0 0 32 32\"><path fill=\"#fe9312\" d=\"M4.3 23.5c-2.3 0-4.3 1.9-4.3 4.3 0 2.3 1.9 4.2 4.3 4.2 2.4 0 4.3-1.9 4.3-4.2 0-2.3-1.9-4.3-4.3-4.3zM0 10.9v6.1c4 0 7.7 1.6 10.6 4.4 2.8 2.8 4.4 6.6 4.4 10.6h6.2c0-11.7-9.5-21.1-21.1-21.1zM0 0v6.1c14.2 0 25.8 11.6 25.8 25.9h6.2c0-17.6-14.4-32-32-32z\"\/><\/svg><\/span><span class=\"shariff-text\">RSS-feed<\/span>&nbsp;<\/a><\/li><li class=\"shariff-button printer shariff-nocustomcolor\" style=\"background-color:#a8a8a8\"><a href=\"javascript:window.print()\" title=\"drucken\" aria-label=\"drucken\" role=\"button\" rel=\"noopener nofollow\" class=\"shariff-link\" style=\"; background-color:#999; color:#fff\"><span class=\"shariff-icon\" style=\"\"><svg width=\"32px\" height=\"20px\" xmlns=\"http:\/\/www.w3.org\/2000\/svg\" viewBox=\"0 0 30 32\"><path fill=\"#999\" d=\"M6.8 27.4h16v-4.6h-16v4.6zM6.8 16h16v-6.8h-2.8q-0.7 0-1.2-0.5t-0.5-1.2v-2.8h-11.4v11.4zM27.4 17.2q0-0.5-0.3-0.8t-0.8-0.4-0.8 0.4-0.3 0.8 0.3 0.8 0.8 0.3 0.8-0.3 0.3-0.8zM29.7 17.2v7.4q0 0.2-0.2 0.4t-0.4 0.2h-4v2.8q0 0.7-0.5 1.2t-1.2 0.5h-17.2q-0.7 0-1.2-0.5t-0.5-1.2v-2.8h-4q-0.2 0-0.4-0.2t-0.2-0.4v-7.4q0-1.4 1-2.4t2.4-1h1.2v-9.7q0-0.7 0.5-1.2t1.2-0.5h12q0.7 0 1.6 0.4t1.3 0.8l2.7 2.7q0.5 0.5 0.9 1.4t0.4 1.6v4.6h1.1q1.4 0 2.4 1t1 2.4z\"\/><\/svg><\/span><span class=\"shariff-text\">drucken<\/span>&nbsp;<\/a><\/li><li class=\"shariff-button whatsapp shariff-nocustomcolor\" style=\"background-color:#5cbe4a\"><a href=\"https:\/\/api.whatsapp.com\/send?text=https%3A%2F%2Fwww.karaoke-helden.de%2Fplaybackshop%2Fmusikermagazin-stadt-wertheim-musikschueler-glaenzen-bei-jugend-musiziert%20Musikermagazin%20%E2%80%93%20Stadt%20Wertheim%20%E2%80%93%20Musiksch%C3%BCler%20gl%C3%A4nzen%20bei%20%E2%80%9EJugend%20musiziert%E2%80%9C\" title=\"Bei Whatsapp teilen\" aria-label=\"Bei Whatsapp teilen\" role=\"button\" rel=\"noopener nofollow\" class=\"shariff-link\" style=\"; background-color:#34af23; color:#fff\" target=\"_blank\"><span class=\"shariff-icon\" style=\"\"><svg width=\"32px\" height=\"20px\" xmlns=\"http:\/\/www.w3.org\/2000\/svg\" viewBox=\"0 0 32 32\"><path fill=\"#34af23\" d=\"M17.6 17.4q0.2 0 1.7 0.8t1.6 0.9q0 0.1 0 0.3 0 0.6-0.3 1.4-0.3 0.7-1.3 1.2t-1.8 0.5q-1 0-3.4-1.1-1.7-0.8-3-2.1t-2.6-3.3q-1.3-1.9-1.3-3.5v-0.1q0.1-1.6 1.3-2.8 0.4-0.4 0.9-0.4 0.1 0 0.3 0t0.3 0q0.3 0 0.5 0.1t0.3 0.5q0.1 0.4 0.6 1.6t0.4 1.3q0 0.4-0.6 1t-0.6 0.8q0 0.1 0.1 0.3 0.6 1.3 1.8 2.4 1 0.9 2.7 1.8 0.2 0.1 0.4 0.1 0.3 0 1-0.9t0.9-0.9zM14 26.9q2.3 0 4.3-0.9t3.6-2.4 2.4-3.6 0.9-4.3-0.9-4.3-2.4-3.6-3.6-2.4-4.3-0.9-4.3 0.9-3.6 2.4-2.4 3.6-0.9 4.3q0 3.6 2.1 6.6l-1.4 4.2 4.3-1.4q2.8 1.9 6.2 1.9zM14 2.2q2.7 0 5.2 1.1t4.3 2.9 2.9 4.3 1.1 5.2-1.1 5.2-2.9 4.3-4.3 2.9-5.2 1.1q-3.5 0-6.5-1.7l-7.4 2.4 2.4-7.2q-1.9-3.2-1.9-6.9 0-2.7 1.1-5.2t2.9-4.3 4.3-2.9 5.2-1.1z\"\/><\/svg><\/span><span class=\"shariff-text\">teilen<\/span>&nbsp;<\/a><\/li><\/ul><\/div>","protected":false},"excerpt":{"rendered":"<p>14 erste Preise f\u00fcr Wertheimer Nachwuchsk\u00fcnstler Musikermagazin &#8211; Wertheim (BW) &#8211; \u00dcberaus erfolgreich ist f\u00fcr Wertheim am Wochenende der 57. Regionalwettbewerb &#8220;Jugend musiziert&#8221; in Schw\u00e4bisch Hall zu Ende&#8230; <\/p>\n","protected":false},"author":1,"featured_media":4091,"comment_status":"closed","ping_status":"closed","sticky":false,"template":"","format":"standard","meta":{"rank_math_lock_modified_date":false,"footnotes":""},"categories":[1,5],"tags":[14596,14597,68,10896,396,447,510,14595,517,535,575,10832],"class_list":["post-7140","post","type-post","status-publish","format-standard","has-post-thumbnail","hentry","category-allgemein","category-musikermagazin","tag-20-01","tag-14597","tag-aktuell","tag-jugend-musiziert","tag-karaoke-helden","tag-lokales","tag-musikermagazin","tag-musikschueler-glaenzen-bei","tag-nachrichten","tag-news","tag-playback-kaufen","tag-stadt-wertheim"],"_links":{"self":[{"href":"https:\/\/www.karaoke-helden.de\/playbackshop\/wp-json\/wp\/v2\/posts\/7140","targetHints":{"allow":["GET"]}}],"collection":[{"href":"https:\/\/www.karaoke-helden.de\/playbackshop\/wp-json\/wp\/v2\/posts"}],"about":[{"href":"https:\/\/www.karaoke-helden.de\/playbackshop\/wp-json\/wp\/v2\/types\/post"}],"author":[{"embeddable":true,"href":"https:\/\/www.karaoke-helden.de\/playbackshop\/wp-json\/wp\/v2\/users\/1"}],"replies":[{"embeddable":true,"href":"https:\/\/www.karaoke-helden.de\/playbackshop\/wp-json\/wp\/v2\/comments?post=7140"}],"version-history":[{"count":0,"href":"https:\/\/www.karaoke-helden.de\/playbackshop\/wp-json\/wp\/v2\/posts\/7140\/revisions"}],"wp:featuredmedia":[{"embeddable":true,"href":"https:\/\/www.karaoke-helden.de\/playbackshop\/wp-json\/wp\/v2\/media\/4091"}],"wp:attachment":[{"href":"https:\/\/www.karaoke-helden.de\/playbackshop\/wp-json\/wp\/v2\/media?parent=7140"}],"wp:term":[{"taxonomy":"category","embeddable":true,"href":"https:\/\/www.karaoke-helden.de\/playbackshop\/wp-json\/wp\/v2\/categories?post=7140"},{"taxonomy":"post_tag","embeddable":true,"href":"https:\/\/www.karaoke-helden.de\/playbackshop\/wp-json\/wp\/v2\/tags?post=7140"}],"curies":[{"name":"wp","href":"https:\/\/api.w.org\/{rel}","templated":true}]}}