{"id":7783,"date":"2020-04-22T16:02:57","date_gmt":"2020-04-22T14:02:57","guid":{"rendered":"https:\/\/www.karaoke-helden.de\/playbackshop\/?p=7783"},"modified":"2020-04-22T16:02:57","modified_gmt":"2020-04-22T14:02:57","slug":"musikermagazin-regensburg-weinmusikfest-im-stadtpark-und-jazzweekend-2020-abgesagt","status":"publish","type":"post","link":"https:\/\/www.karaoke-helden.de\/playbackshop\/musikermagazin-regensburg-weinmusikfest-im-stadtpark-und-jazzweekend-2020-abgesagt","title":{"rendered":"Musikermagazin &#8211; Regensburg &#8211; WeinMusikFest im Stadtpark und Jazzweekend 2020 abgesagt"},"content":{"rendered":"<h2>Kulturreferat und Kulturamt bedauern Absage.<\/h2>\n<p><em><strong><img decoding=\"async\" class=\"size-full wp-image-4091 alignright\" src=\"https:\/\/www.karaoke-helden.de\/playbackshop\/wp-content\/uploads\/2019\/05\/Karaoke-Kl\u00f6nschnack-News-.jpg\" alt=\"Karaoke-Kl\u00f6nschnack-News-\" width=\"430\" height=\"430\" srcset=\"https:\/\/www.karaoke-helden.de\/playbackshop\/wp-content\/uploads\/2019\/05\/Karaoke-Kl\u00f6nschnack-News-.jpg 430w, https:\/\/www.karaoke-helden.de\/playbackshop\/wp-content\/uploads\/2019\/05\/Karaoke-Kl\u00f6nschnack-News--100x100.jpg 100w, https:\/\/www.karaoke-helden.de\/playbackshop\/wp-content\/uploads\/2019\/05\/Karaoke-Kl\u00f6nschnack-News--64x64.jpg 64w, https:\/\/www.karaoke-helden.de\/playbackshop\/wp-content\/uploads\/2019\/05\/Karaoke-Kl\u00f6nschnack-News--320x320.jpg 320w, https:\/\/www.karaoke-helden.de\/playbackshop\/wp-content\/uploads\/2019\/05\/Karaoke-Kl\u00f6nschnack-News--155x155.jpg 155w, https:\/\/www.karaoke-helden.de\/playbackshop\/wp-content\/uploads\/2019\/05\/Karaoke-Kl\u00f6nschnack-News--150x150.jpg 150w, https:\/\/www.karaoke-helden.de\/playbackshop\/wp-content\/uploads\/2019\/05\/Karaoke-Kl\u00f6nschnack-News--95x95.jpg 95w, https:\/\/www.karaoke-helden.de\/playbackshop\/wp-content\/uploads\/2019\/05\/Karaoke-Kl\u00f6nschnack-News--300x300.jpg 300w\" sizes=\"(max-width: 430px) 100vw, 430px\" \/>Musikermagazin &#8211; Regensburg (BY) &#8211;<\/strong><\/em> Der Freistaat Bayern gab am 15. April bekannt, dass aufgrund der Corona-Pandemie Gro\u00dfveranstaltungen in Bayern bis Ende August untersagt werden. Aus diesem Grund muss das im Fr\u00fchjahr geplante WeinMusikFest sowie das Jazzweekend im Sommer abgesagt werden.<\/p>\n<p>Das WeinMusikFest im Regensburger Stadtpark war f\u00fcr das Wochenende 19. bis 21. Juni 2020 geplant, das 39. Jazzweekend sollte vom 16. bis 19. Juli 2020 auf zahlreichen Pl\u00e4tzen der Regensburger Innenstadt und im Gewerbepark stattfinden. Kulturreferat und Kulturamt als Veranstalter der beiden Gro\u00dfveranstaltungen bedauern, dass die Veranstaltungen nicht stattfinden k\u00f6nnen.<br \/>\n\u201eEs f\u00e4llt uns weiterhin nicht leicht, Projekte und Veranstaltungen absagen zu m\u00fcssen, auch wenn die Ma\u00dfnahmen unumg\u00e4nglich und im Sinne unserer aller Sicherheit notwendig sind\u201c, sagt Kulturreferent Wolfgang Dersch. \u201eUnser Dank gilt hier insbesondere den engagierten Projektmitarbeiterinnen und -mitarbeitern, unseren Partnern und nat\u00fcrlich allen beteiligten K\u00fcnstlerinnen und K\u00fcnstlern, die nun trotz intensiver Vorarbeit und Planungsphasen \u2013 genau wie das Publikum \u2013 auf die Veranstaltungen verzichten m\u00fcssen.\u201c<\/p>\n<p>F\u00fcr das Jazzweekend werden gegenw\u00e4rtig M\u00f6glichkeiten gepr\u00fcft, einige der geplanten Bandauftritte ohne Publikum stattfinden zu lassen und per Streaming zu organisieren.<\/p>\n<p><em>***<br \/>\nStadt Regensburg<\/em><\/p>\n<div class=\"shariff shariff-align-center shariff-widget-align-center shariff-buttonstretch\"><ul class=\"shariff-buttons theme-color orientation-horizontal buttonsize-small\"><li class=\"shariff-button facebook shariff-nocustomcolor\" style=\"background-color:#4273c8\"><a href=\"https:\/\/www.facebook.com\/sharer\/sharer.php?u=https%3A%2F%2Fwww.karaoke-helden.de%2Fplaybackshop%2Fmusikermagazin-regensburg-weinmusikfest-im-stadtpark-und-jazzweekend-2020-abgesagt\" title=\"Bei Facebook teilen\" aria-label=\"Bei Facebook teilen\" role=\"button\" rel=\"nofollow\" class=\"shariff-link\" style=\"; background-color:#3b5998; color:#fff\" target=\"_blank\"><span class=\"shariff-icon\" style=\"\"><svg width=\"32px\" height=\"20px\" xmlns=\"http:\/\/www.w3.org\/2000\/svg\" viewBox=\"0 0 18 32\"><path fill=\"#3b5998\" d=\"M17.1 0.2v4.7h-2.8q-1.5 0-2.1 0.6t-0.5 1.9v3.4h5.2l-0.7 5.3h-4.5v13.6h-5.5v-13.6h-4.5v-5.3h4.5v-3.9q0-3.3 1.9-5.2t5-1.8q2.6 0 4.1 0.2z\"\/><\/svg><\/span><span class=\"shariff-text\">teilen<\/span>&nbsp;<\/a><\/li><li class=\"shariff-button twitter shariff-nocustomcolor\" style=\"background-color:#595959\"><a href=\"https:\/\/twitter.com\/share?url=https%3A%2F%2Fwww.karaoke-helden.de%2Fplaybackshop%2Fmusikermagazin-regensburg-weinmusikfest-im-stadtpark-und-jazzweekend-2020-abgesagt&text=Musikermagazin%20%E2%80%93%20Regensburg%20%E2%80%93%20WeinMusikFest%20im%20Stadtpark%20und%20Jazzweekend%202020%20abgesagt&via=d24online\" title=\"Bei X teilen\" aria-label=\"Bei X teilen\" role=\"button\" rel=\"noopener nofollow\" class=\"shariff-link\" style=\"; background-color:#000; color:#fff\" target=\"_blank\"><span class=\"shariff-icon\" style=\"\"><svg width=\"32px\" height=\"20px\" xmlns=\"http:\/\/www.w3.org\/2000\/svg\" viewBox=\"0 0 24 24\"><path fill=\"#000\" d=\"M14.258 10.152L23.176 0h-2.113l-7.747 8.813L7.133 0H0l9.352 13.328L0 23.973h2.113l8.176-9.309 6.531 9.309h7.133zm-2.895 3.293l-.949-1.328L2.875 1.56h3.246l6.086 8.523.945 1.328 7.91 11.078h-3.246zm0 0\"\/><\/svg><\/span><span class=\"shariff-text\">teilen<\/span>&nbsp;<\/a><\/li><li class=\"shariff-button linkedin shariff-nocustomcolor\" style=\"background-color:#1488bf\"><a href=\"https:\/\/www.linkedin.com\/sharing\/share-offsite\/?url=https%3A%2F%2Fwww.karaoke-helden.de%2Fplaybackshop%2Fmusikermagazin-regensburg-weinmusikfest-im-stadtpark-und-jazzweekend-2020-abgesagt\" title=\"Bei LinkedIn teilen\" aria-label=\"Bei LinkedIn teilen\" role=\"button\" rel=\"noopener nofollow\" class=\"shariff-link\" style=\"; background-color:#0077b5; color:#fff\" target=\"_blank\"><span class=\"shariff-icon\" style=\"\"><svg width=\"32px\" height=\"20px\" xmlns=\"http:\/\/www.w3.org\/2000\/svg\" viewBox=\"0 0 27 32\"><path fill=\"#0077b5\" d=\"M6.2 11.2v17.7h-5.9v-17.7h5.9zM6.6 5.7q0 1.3-0.9 2.2t-2.4 0.9h0q-1.5 0-2.4-0.9t-0.9-2.2 0.9-2.2 2.4-0.9 2.4 0.9 0.9 2.2zM27.4 18.7v10.1h-5.9v-9.5q0-1.9-0.7-2.9t-2.3-1.1q-1.1 0-1.9 0.6t-1.2 1.5q-0.2 0.5-0.2 1.4v9.9h-5.9q0-7.1 0-11.6t0-5.3l0-0.9h5.9v2.6h0q0.4-0.6 0.7-1t1-0.9 1.6-0.8 2-0.3q3 0 4.9 2t1.9 6z\"\/><\/svg><\/span><span class=\"shariff-text\">teilen<\/span>&nbsp;<\/a><\/li><li class=\"shariff-button rss shariff-nocustomcolor\" style=\"background-color:#ff8c00\"><a href=\"https:\/\/www.karaoke-helden.de\/playbackshop\/feed\/rss\" title=\"RSS-feed\" aria-label=\"RSS-feed\" role=\"button\" class=\"shariff-link\" style=\"; background-color:#fe9312; color:#fff\" target=\"_blank\"><span class=\"shariff-icon\" style=\"\"><svg width=\"32px\" height=\"20px\" xmlns=\"http:\/\/www.w3.org\/2000\/svg\" viewBox=\"0 0 32 32\"><path fill=\"#fe9312\" d=\"M4.3 23.5c-2.3 0-4.3 1.9-4.3 4.3 0 2.3 1.9 4.2 4.3 4.2 2.4 0 4.3-1.9 4.3-4.2 0-2.3-1.9-4.3-4.3-4.3zM0 10.9v6.1c4 0 7.7 1.6 10.6 4.4 2.8 2.8 4.4 6.6 4.4 10.6h6.2c0-11.7-9.5-21.1-21.1-21.1zM0 0v6.1c14.2 0 25.8 11.6 25.8 25.9h6.2c0-17.6-14.4-32-32-32z\"\/><\/svg><\/span><span class=\"shariff-text\">RSS-feed<\/span>&nbsp;<\/a><\/li><li class=\"shariff-button printer shariff-nocustomcolor\" style=\"background-color:#a8a8a8\"><a href=\"javascript:window.print()\" title=\"drucken\" aria-label=\"drucken\" role=\"button\" rel=\"noopener nofollow\" class=\"shariff-link\" style=\"; background-color:#999; color:#fff\"><span class=\"shariff-icon\" style=\"\"><svg width=\"32px\" height=\"20px\" xmlns=\"http:\/\/www.w3.org\/2000\/svg\" viewBox=\"0 0 30 32\"><path fill=\"#999\" d=\"M6.8 27.4h16v-4.6h-16v4.6zM6.8 16h16v-6.8h-2.8q-0.7 0-1.2-0.5t-0.5-1.2v-2.8h-11.4v11.4zM27.4 17.2q0-0.5-0.3-0.8t-0.8-0.4-0.8 0.4-0.3 0.8 0.3 0.8 0.8 0.3 0.8-0.3 0.3-0.8zM29.7 17.2v7.4q0 0.2-0.2 0.4t-0.4 0.2h-4v2.8q0 0.7-0.5 1.2t-1.2 0.5h-17.2q-0.7 0-1.2-0.5t-0.5-1.2v-2.8h-4q-0.2 0-0.4-0.2t-0.2-0.4v-7.4q0-1.4 1-2.4t2.4-1h1.2v-9.7q0-0.7 0.5-1.2t1.2-0.5h12q0.7 0 1.6 0.4t1.3 0.8l2.7 2.7q0.5 0.5 0.9 1.4t0.4 1.6v4.6h1.1q1.4 0 2.4 1t1 2.4z\"\/><\/svg><\/span><span class=\"shariff-text\">drucken<\/span>&nbsp;<\/a><\/li><li class=\"shariff-button whatsapp shariff-nocustomcolor\" style=\"background-color:#5cbe4a\"><a href=\"https:\/\/api.whatsapp.com\/send?text=https%3A%2F%2Fwww.karaoke-helden.de%2Fplaybackshop%2Fmusikermagazin-regensburg-weinmusikfest-im-stadtpark-und-jazzweekend-2020-abgesagt%20Musikermagazin%20%E2%80%93%20Regensburg%20%E2%80%93%20WeinMusikFest%20im%20Stadtpark%20und%20Jazzweekend%202020%20abgesagt\" title=\"Bei Whatsapp teilen\" aria-label=\"Bei Whatsapp teilen\" role=\"button\" rel=\"noopener nofollow\" class=\"shariff-link\" style=\"; background-color:#34af23; color:#fff\" target=\"_blank\"><span class=\"shariff-icon\" style=\"\"><svg width=\"32px\" height=\"20px\" xmlns=\"http:\/\/www.w3.org\/2000\/svg\" viewBox=\"0 0 32 32\"><path fill=\"#34af23\" d=\"M17.6 17.4q0.2 0 1.7 0.8t1.6 0.9q0 0.1 0 0.3 0 0.6-0.3 1.4-0.3 0.7-1.3 1.2t-1.8 0.5q-1 0-3.4-1.1-1.7-0.8-3-2.1t-2.6-3.3q-1.3-1.9-1.3-3.5v-0.1q0.1-1.6 1.3-2.8 0.4-0.4 0.9-0.4 0.1 0 0.3 0t0.3 0q0.3 0 0.5 0.1t0.3 0.5q0.1 0.4 0.6 1.6t0.4 1.3q0 0.4-0.6 1t-0.6 0.8q0 0.1 0.1 0.3 0.6 1.3 1.8 2.4 1 0.9 2.7 1.8 0.2 0.1 0.4 0.1 0.3 0 1-0.9t0.9-0.9zM14 26.9q2.3 0 4.3-0.9t3.6-2.4 2.4-3.6 0.9-4.3-0.9-4.3-2.4-3.6-3.6-2.4-4.3-0.9-4.3 0.9-3.6 2.4-2.4 3.6-0.9 4.3q0 3.6 2.1 6.6l-1.4 4.2 4.3-1.4q2.8 1.9 6.2 1.9zM14 2.2q2.7 0 5.2 1.1t4.3 2.9 2.9 4.3 1.1 5.2-1.1 5.2-2.9 4.3-4.3 2.9-5.2 1.1q-3.5 0-6.5-1.7l-7.4 2.4 2.4-7.2q-1.9-3.2-1.9-6.9 0-2.7 1.1-5.2t2.9-4.3 4.3-2.9 5.2-1.1z\"\/><\/svg><\/span><span class=\"shariff-text\">teilen<\/span>&nbsp;<\/a><\/li><\/ul><\/div>","protected":false},"excerpt":{"rendered":"<p>Kulturreferat und Kulturamt bedauern Absage. Musikermagazin &#8211; Regensburg (BY) &#8211; Der Freistaat Bayern gab am 15. April bekannt, dass aufgrund der Corona-Pandemie Gro\u00dfveranstaltungen in Bayern bis Ende August&#8230; <\/p>\n","protected":false},"author":1,"featured_media":4091,"comment_status":"closed","ping_status":"closed","sticky":false,"template":"","format":"standard","meta":{"rank_math_lock_modified_date":false,"footnotes":""},"categories":[1,5],"tags":[15401,15190,107,396,501,510,517,535,580,15402,15404,15403],"class_list":["post-7783","post","type-post","status-publish","format-standard","has-post-thumbnail","hentry","category-allgemein","category-musikermagazin","tag-22-04-2020","tag-abgesagt","tag-bayern","tag-karaoke-helden","tag-musik","tag-musikermagazin","tag-nachrichten","tag-news","tag-playbacks-kaufen","tag-regensburg","tag-und-jazzweekend-2020","tag-weinmusikfest-im-stadtpark"],"_links":{"self":[{"href":"https:\/\/www.karaoke-helden.de\/playbackshop\/wp-json\/wp\/v2\/posts\/7783","targetHints":{"allow":["GET"]}}],"collection":[{"href":"https:\/\/www.karaoke-helden.de\/playbackshop\/wp-json\/wp\/v2\/posts"}],"about":[{"href":"https:\/\/www.karaoke-helden.de\/playbackshop\/wp-json\/wp\/v2\/types\/post"}],"author":[{"embeddable":true,"href":"https:\/\/www.karaoke-helden.de\/playbackshop\/wp-json\/wp\/v2\/users\/1"}],"replies":[{"embeddable":true,"href":"https:\/\/www.karaoke-helden.de\/playbackshop\/wp-json\/wp\/v2\/comments?post=7783"}],"version-history":[{"count":0,"href":"https:\/\/www.karaoke-helden.de\/playbackshop\/wp-json\/wp\/v2\/posts\/7783\/revisions"}],"wp:featuredmedia":[{"embeddable":true,"href":"https:\/\/www.karaoke-helden.de\/playbackshop\/wp-json\/wp\/v2\/media\/4091"}],"wp:attachment":[{"href":"https:\/\/www.karaoke-helden.de\/playbackshop\/wp-json\/wp\/v2\/media?parent=7783"}],"wp:term":[{"taxonomy":"category","embeddable":true,"href":"https:\/\/www.karaoke-helden.de\/playbackshop\/wp-json\/wp\/v2\/categories?post=7783"},{"taxonomy":"post_tag","embeddable":true,"href":"https:\/\/www.karaoke-helden.de\/playbackshop\/wp-json\/wp\/v2\/tags?post=7783"}],"curies":[{"name":"wp","href":"https:\/\/api.w.org\/{rel}","templated":true}]}}