{"id":8221,"date":"2020-06-03T11:38:13","date_gmt":"2020-06-03T09:38:13","guid":{"rendered":"https:\/\/www.karaoke-helden.de\/playbackshop\/?p=8221"},"modified":"2020-06-03T11:38:13","modified_gmt":"2020-06-03T09:38:13","slug":"musikermagazin-klosters-music-feiert-das-beethoven-jahr-planmaessig-mit-schutzkonzept-fuer-publikum-und-beteiligte","status":"publish","type":"post","link":"https:\/\/www.karaoke-helden.de\/playbackshop\/musikermagazin-klosters-music-feiert-das-beethoven-jahr-planmaessig-mit-schutzkonzept-fuer-publikum-und-beteiligte","title":{"rendered":"Musikermagazin &#8211; Klosters Music feiert das Beethoven-Jahr planm\u00e4ssig &#8211; mit Schutzkonzept f\u00fcr Publikum und Beteiligte"},"content":{"rendered":"<p><em><strong><img decoding=\"async\" class=\"size-full wp-image-4091 alignright\" src=\"https:\/\/www.karaoke-helden.de\/playbackshop\/wp-content\/uploads\/2019\/05\/Karaoke-Kl\u00f6nschnack-News-.jpg\" alt=\"Karaoke-Kl\u00f6nschnack-News-\" width=\"430\" height=\"430\" srcset=\"https:\/\/www.karaoke-helden.de\/playbackshop\/wp-content\/uploads\/2019\/05\/Karaoke-Kl\u00f6nschnack-News-.jpg 430w, https:\/\/www.karaoke-helden.de\/playbackshop\/wp-content\/uploads\/2019\/05\/Karaoke-Kl\u00f6nschnack-News--100x100.jpg 100w, https:\/\/www.karaoke-helden.de\/playbackshop\/wp-content\/uploads\/2019\/05\/Karaoke-Kl\u00f6nschnack-News--64x64.jpg 64w, https:\/\/www.karaoke-helden.de\/playbackshop\/wp-content\/uploads\/2019\/05\/Karaoke-Kl\u00f6nschnack-News--320x320.jpg 320w, https:\/\/www.karaoke-helden.de\/playbackshop\/wp-content\/uploads\/2019\/05\/Karaoke-Kl\u00f6nschnack-News--155x155.jpg 155w, https:\/\/www.karaoke-helden.de\/playbackshop\/wp-content\/uploads\/2019\/05\/Karaoke-Kl\u00f6nschnack-News--150x150.jpg 150w, https:\/\/www.karaoke-helden.de\/playbackshop\/wp-content\/uploads\/2019\/05\/Karaoke-Kl\u00f6nschnack-News--95x95.jpg 95w, https:\/\/www.karaoke-helden.de\/playbackshop\/wp-content\/uploads\/2019\/05\/Karaoke-Kl\u00f6nschnack-News--300x300.jpg 300w\" sizes=\"(max-width: 430px) 100vw, 430px\" \/>Musikermagazin &#8211; Klosters &#8211;<\/strong> <\/em>Klosters Music hei\u00dft vom 31. Juli bis 9. August 2020 die klassischen Musikstars und das Publikum willkommen.<\/p>\n<p>Gemeinsam wird unter dem Zeichen Beethovens das Tor zum Konzertsommer 2020 in Klosters aufgestossen. International renommierte K\u00fcnstlerinnen und K\u00fcnstler wie Sir Andr\u00e1s Schiff, Die Deutsche Kammerphilharmonie Bremen unter der Leitung von Pablo Heras-Casado, Martin Helmchen, Veronika Eberle, das Wiener Klaviertrio und Andr\u00e8 Schuen, Maurice Steger und Il pomo d&#8217;oro, das Kammerorchester Basel und Christiane Karg unter der Leitung von Riccardo Minasi, das Pavel Haas Quartet, das Gershwin Piano Quartet und viele mehr werden diesen Sommer in Klosters zu erleben sein.<\/p>\n<p>Alle Konzerte des Sommers 2020, mit Ausnahme des Orgel Rezitals, werden im Konzertsaal der Arena Klosters stattfinden, welcher \u00fcber eine gute Akustik verf\u00fcgt und f\u00fcr Schutzvorkehrungen ausreichend Platz bietet. Klosters Music freut sich, die geplante Reihe von aussergew\u00f6hnlichen Konzerten mit einigen der herausragendsten und bedeutendsten Werke Beethovens realisieren zu k\u00f6nnen.<\/p>\n<p>Mit der Deutschen Kammerphilharmonie Bremen und dem Kammerorchester Basel kommen zwei der besten Orchester Europas nach Klosters. Die mehrfach preisgekr\u00f6nte Sopranistin und bekannte Mozarts\u00e4ngerin Christiane Karg gestaltet zusammen mit dem Kammerorchester Basel unter der Leitung von Riccardo Minasi eine Mozart-Operngala mit Arien aus &#8220;La nozze di Figaro&#8221; und &#8220;Die Zauberfl\u00f6te&#8221;. F\u00fcr die grossen sinfonischen Konzertabende in Klosters zeichnet Die Deutsche Kammerphilharmonie Bremen verantwortlich: Unter der Leitung von Pablo Heras-Casado kommen Beethovens Sinfonien Nr. 3 &amp; Nr. 7, das Klavierkonzert Nr. 5 mit Martin Helmchen und das Violinkonzert mit Veronika Eberle zur Auff\u00fchrung. Maurice Steger und das Ensemble Il pomo d&#8217;oro stehen f\u00fcr ein unverwechselbares Konzerterlebnis mit Werken von Komponisten aus der Epoche vor Beethoven, der die musikalische Welt f\u00fcr immer ver\u00e4ndert hat. Den kr\u00f6nenden Abschluss von Klosters Music 2020 bildet das Konzert unter dem Namen &#8220;Glanz und W\u00fcrde&#8221; mit Sir Andr\u00e1s Schiff, einem der gr\u00f6ssten K\u00fcnstler unserer Zeit, und seiner Interpretation der letzten drei Klaviersonaten Beethovens.<\/p>\n<p>S\u00e4mtliche Konzerte werden unter Beachtung eines strengen Schutzkonzepts durchgef\u00fchrt. Klosters Music setzt damit alle Schutzmassnahmen sorgf\u00e4ltig und umfassend gem\u00e4ss den Auflagen des Bundesamtes f\u00fcr Gesundheit (BAG), den entsprechenden kantonalen Richtlinien sowie den Empfehlungen der Veranstaltungsbranche um. Die Besucherinnen und Besucher erwartet eine Konzertbestuhlung mit grossz\u00fcgigem Sitzabstand (jeweils einem freien Sitzplatz zwischen Einzelpersonen, auch zwischen Paaren oder G\u00e4stegruppen zu anderen Personen) und einer Besucherlenkung, welche das Abstandhalten beim Einlass und zum Schluss des Konzertes erm\u00f6glicht. Das Contact-Tracing ist jederzeit gew\u00e4hrleistet. Das Schutzkonzept wird auf der Homepage einsehbar sein und wird je nach Entwicklung laufend den ver\u00e4nderten Vorgaben den Gesundheitsbeh\u00f6rden angepasst.<\/p>\n<p>Bereits erworbene Karten behalten ihre G\u00fcltigkeit und werden im Konzertsaal der Arena eingebucht. Die Karteninhaberinnen und Karteninhaber wurden ab dem 3. Juni pers\u00f6nlich informiert. Konzertbesucherinnen und Konzertbesucher, welche ihre bereits erworbene Karten zur\u00fcckgeben m\u00f6chten, erhalten den vollen Kaufpreis erstattet.<\/p>\n<p>Konzertkarten von Klosters Music k\u00f6nnen ab sofort via Bestellformular erworben werden. Die Buchung online wird ab dem 10. Juni wieder m\u00f6glich sein. Als Folge des Schutzkonzepts stehen in der Arena leider weniger Sitzpl\u00e4tze zur Verf\u00fcgung als urspr\u00fcnglich geplant, weshalb eine fr\u00fchzeitige Reservation der Sitzpl\u00e4tze empfohlen wird.<\/p>\n<p>Was f\u00fcr lange Zeit in weite Ferne ger\u00fcckt ist, wird nun zur Freude aller Musikliebhaberinnnen und Musikliebhaber Wirklichkeit: musikalische Momente und kulturelle Sternstunden gemeinsam erleben und geniessen. Klosters lockt mit seiner einmaligen Atmosph\u00e4re und einer eindrucksvollen Bergwelt &#8211; beides vereint Klosters Music dieses Jahr zu &#8220;Beethoven. Ruf vom Berge&#8221;.<\/p>\n<p><a class=\"story-customer\" title=\"weiter zum newsroom von Stiftung Kunst &amp; Musik, Klosters\" href=\"https:\/\/www.presseportal.de\/nr\/135422\" target=\"_blank\" rel=\"noopener\">Stiftung Kunst &amp; Musik, Klosters<\/a><\/p>\n<div class=\"shariff shariff-align-center shariff-widget-align-center shariff-buttonstretch\"><ul class=\"shariff-buttons theme-color orientation-horizontal buttonsize-small\"><li class=\"shariff-button facebook shariff-nocustomcolor\" style=\"background-color:#4273c8\"><a href=\"https:\/\/www.facebook.com\/sharer\/sharer.php?u=https%3A%2F%2Fwww.karaoke-helden.de%2Fplaybackshop%2Fmusikermagazin-klosters-music-feiert-das-beethoven-jahr-planmaessig-mit-schutzkonzept-fuer-publikum-und-beteiligte\" title=\"Bei Facebook teilen\" aria-label=\"Bei Facebook teilen\" role=\"button\" rel=\"nofollow\" class=\"shariff-link\" style=\"; background-color:#3b5998; color:#fff\" target=\"_blank\"><span class=\"shariff-icon\" style=\"\"><svg width=\"32px\" height=\"20px\" xmlns=\"http:\/\/www.w3.org\/2000\/svg\" viewBox=\"0 0 18 32\"><path fill=\"#3b5998\" d=\"M17.1 0.2v4.7h-2.8q-1.5 0-2.1 0.6t-0.5 1.9v3.4h5.2l-0.7 5.3h-4.5v13.6h-5.5v-13.6h-4.5v-5.3h4.5v-3.9q0-3.3 1.9-5.2t5-1.8q2.6 0 4.1 0.2z\"\/><\/svg><\/span><span class=\"shariff-text\">teilen<\/span>&nbsp;<\/a><\/li><li class=\"shariff-button twitter shariff-nocustomcolor\" style=\"background-color:#595959\"><a href=\"https:\/\/twitter.com\/share?url=https%3A%2F%2Fwww.karaoke-helden.de%2Fplaybackshop%2Fmusikermagazin-klosters-music-feiert-das-beethoven-jahr-planmaessig-mit-schutzkonzept-fuer-publikum-und-beteiligte&text=Musikermagazin%20%E2%80%93%20Klosters%20Music%20feiert%20das%20Beethoven-Jahr%20planm%C3%A4ssig%20%E2%80%93%20mit%20Schutzkonzept%20f%C3%BCr%20Publikum%20und%20Beteiligte&via=d24online\" title=\"Bei X teilen\" aria-label=\"Bei X teilen\" role=\"button\" rel=\"noopener nofollow\" class=\"shariff-link\" style=\"; background-color:#000; color:#fff\" target=\"_blank\"><span class=\"shariff-icon\" style=\"\"><svg width=\"32px\" height=\"20px\" xmlns=\"http:\/\/www.w3.org\/2000\/svg\" viewBox=\"0 0 24 24\"><path fill=\"#000\" d=\"M14.258 10.152L23.176 0h-2.113l-7.747 8.813L7.133 0H0l9.352 13.328L0 23.973h2.113l8.176-9.309 6.531 9.309h7.133zm-2.895 3.293l-.949-1.328L2.875 1.56h3.246l6.086 8.523.945 1.328 7.91 11.078h-3.246zm0 0\"\/><\/svg><\/span><span class=\"shariff-text\">teilen<\/span>&nbsp;<\/a><\/li><li class=\"shariff-button linkedin shariff-nocustomcolor\" style=\"background-color:#1488bf\"><a href=\"https:\/\/www.linkedin.com\/sharing\/share-offsite\/?url=https%3A%2F%2Fwww.karaoke-helden.de%2Fplaybackshop%2Fmusikermagazin-klosters-music-feiert-das-beethoven-jahr-planmaessig-mit-schutzkonzept-fuer-publikum-und-beteiligte\" title=\"Bei LinkedIn teilen\" aria-label=\"Bei LinkedIn teilen\" role=\"button\" rel=\"noopener nofollow\" class=\"shariff-link\" style=\"; background-color:#0077b5; color:#fff\" target=\"_blank\"><span class=\"shariff-icon\" style=\"\"><svg width=\"32px\" height=\"20px\" xmlns=\"http:\/\/www.w3.org\/2000\/svg\" viewBox=\"0 0 27 32\"><path fill=\"#0077b5\" d=\"M6.2 11.2v17.7h-5.9v-17.7h5.9zM6.6 5.7q0 1.3-0.9 2.2t-2.4 0.9h0q-1.5 0-2.4-0.9t-0.9-2.2 0.9-2.2 2.4-0.9 2.4 0.9 0.9 2.2zM27.4 18.7v10.1h-5.9v-9.5q0-1.9-0.7-2.9t-2.3-1.1q-1.1 0-1.9 0.6t-1.2 1.5q-0.2 0.5-0.2 1.4v9.9h-5.9q0-7.1 0-11.6t0-5.3l0-0.9h5.9v2.6h0q0.4-0.6 0.7-1t1-0.9 1.6-0.8 2-0.3q3 0 4.9 2t1.9 6z\"\/><\/svg><\/span><span class=\"shariff-text\">teilen<\/span>&nbsp;<\/a><\/li><li class=\"shariff-button rss shariff-nocustomcolor\" style=\"background-color:#ff8c00\"><a href=\"https:\/\/www.karaoke-helden.de\/playbackshop\/feed\/rss\" title=\"RSS-feed\" aria-label=\"RSS-feed\" role=\"button\" class=\"shariff-link\" style=\"; background-color:#fe9312; color:#fff\" target=\"_blank\"><span class=\"shariff-icon\" style=\"\"><svg width=\"32px\" height=\"20px\" xmlns=\"http:\/\/www.w3.org\/2000\/svg\" viewBox=\"0 0 32 32\"><path fill=\"#fe9312\" d=\"M4.3 23.5c-2.3 0-4.3 1.9-4.3 4.3 0 2.3 1.9 4.2 4.3 4.2 2.4 0 4.3-1.9 4.3-4.2 0-2.3-1.9-4.3-4.3-4.3zM0 10.9v6.1c4 0 7.7 1.6 10.6 4.4 2.8 2.8 4.4 6.6 4.4 10.6h6.2c0-11.7-9.5-21.1-21.1-21.1zM0 0v6.1c14.2 0 25.8 11.6 25.8 25.9h6.2c0-17.6-14.4-32-32-32z\"\/><\/svg><\/span><span class=\"shariff-text\">RSS-feed<\/span>&nbsp;<\/a><\/li><li class=\"shariff-button printer shariff-nocustomcolor\" style=\"background-color:#a8a8a8\"><a href=\"javascript:window.print()\" title=\"drucken\" aria-label=\"drucken\" role=\"button\" rel=\"noopener nofollow\" class=\"shariff-link\" style=\"; background-color:#999; color:#fff\"><span class=\"shariff-icon\" style=\"\"><svg width=\"32px\" height=\"20px\" xmlns=\"http:\/\/www.w3.org\/2000\/svg\" viewBox=\"0 0 30 32\"><path fill=\"#999\" d=\"M6.8 27.4h16v-4.6h-16v4.6zM6.8 16h16v-6.8h-2.8q-0.7 0-1.2-0.5t-0.5-1.2v-2.8h-11.4v11.4zM27.4 17.2q0-0.5-0.3-0.8t-0.8-0.4-0.8 0.4-0.3 0.8 0.3 0.8 0.8 0.3 0.8-0.3 0.3-0.8zM29.7 17.2v7.4q0 0.2-0.2 0.4t-0.4 0.2h-4v2.8q0 0.7-0.5 1.2t-1.2 0.5h-17.2q-0.7 0-1.2-0.5t-0.5-1.2v-2.8h-4q-0.2 0-0.4-0.2t-0.2-0.4v-7.4q0-1.4 1-2.4t2.4-1h1.2v-9.7q0-0.7 0.5-1.2t1.2-0.5h12q0.7 0 1.6 0.4t1.3 0.8l2.7 2.7q0.5 0.5 0.9 1.4t0.4 1.6v4.6h1.1q1.4 0 2.4 1t1 2.4z\"\/><\/svg><\/span><span class=\"shariff-text\">drucken<\/span>&nbsp;<\/a><\/li><li class=\"shariff-button whatsapp shariff-nocustomcolor\" style=\"background-color:#5cbe4a\"><a href=\"https:\/\/api.whatsapp.com\/send?text=https%3A%2F%2Fwww.karaoke-helden.de%2Fplaybackshop%2Fmusikermagazin-klosters-music-feiert-das-beethoven-jahr-planmaessig-mit-schutzkonzept-fuer-publikum-und-beteiligte%20Musikermagazin%20%E2%80%93%20Klosters%20Music%20feiert%20das%20Beethoven-Jahr%20planm%C3%A4ssig%20%E2%80%93%20mit%20Schutzkonzept%20f%C3%BCr%20Publikum%20und%20Beteiligte\" title=\"Bei Whatsapp teilen\" aria-label=\"Bei Whatsapp teilen\" role=\"button\" rel=\"noopener nofollow\" class=\"shariff-link\" style=\"; background-color:#34af23; color:#fff\" target=\"_blank\"><span class=\"shariff-icon\" style=\"\"><svg width=\"32px\" height=\"20px\" xmlns=\"http:\/\/www.w3.org\/2000\/svg\" viewBox=\"0 0 32 32\"><path fill=\"#34af23\" d=\"M17.6 17.4q0.2 0 1.7 0.8t1.6 0.9q0 0.1 0 0.3 0 0.6-0.3 1.4-0.3 0.7-1.3 1.2t-1.8 0.5q-1 0-3.4-1.1-1.7-0.8-3-2.1t-2.6-3.3q-1.3-1.9-1.3-3.5v-0.1q0.1-1.6 1.3-2.8 0.4-0.4 0.9-0.4 0.1 0 0.3 0t0.3 0q0.3 0 0.5 0.1t0.3 0.5q0.1 0.4 0.6 1.6t0.4 1.3q0 0.4-0.6 1t-0.6 0.8q0 0.1 0.1 0.3 0.6 1.3 1.8 2.4 1 0.9 2.7 1.8 0.2 0.1 0.4 0.1 0.3 0 1-0.9t0.9-0.9zM14 26.9q2.3 0 4.3-0.9t3.6-2.4 2.4-3.6 0.9-4.3-0.9-4.3-2.4-3.6-3.6-2.4-4.3-0.9-4.3 0.9-3.6 2.4-2.4 3.6-0.9 4.3q0 3.6 2.1 6.6l-1.4 4.2 4.3-1.4q2.8 1.9 6.2 1.9zM14 2.2q2.7 0 5.2 1.1t4.3 2.9 2.9 4.3 1.1 5.2-1.1 5.2-2.9 4.3-4.3 2.9-5.2 1.1q-3.5 0-6.5-1.7l-7.4 2.4 2.4-7.2q-1.9-3.2-1.9-6.9 0-2.7 1.1-5.2t2.9-4.3 4.3-2.9 5.2-1.1z\"\/><\/svg><\/span><span class=\"shariff-text\">teilen<\/span>&nbsp;<\/a><\/li><\/ul><\/div>","protected":false},"excerpt":{"rendered":"<p>Musikermagazin &#8211; Klosters &#8211; Klosters Music hei\u00dft vom 31. Juli bis 9. August 2020 die klassischen Musikstars und das Publikum willkommen. Gemeinsam wird unter dem Zeichen Beethovens das&#8230; <\/p>\n","protected":false},"author":1,"featured_media":4091,"comment_status":"closed","ping_status":"closed","sticky":false,"template":"","format":"standard","meta":{"rank_math_lock_modified_date":false,"footnotes":""},"categories":[1,5],"tags":[15575,15579,275,396,15578,15580,501,510,517,535],"class_list":["post-8221","post","type-post","status-publish","format-standard","has-post-thumbnail","hentry","category-allgemein","category-musikermagazin","tag-03-06-2020","tag-das-beethoven-jahr-planmaessig","tag-events","tag-karaoke-helden","tag-klosters-music-feiert","tag-mit-schutzkonzept-fuer-publikum-und-beteiligte","tag-musik","tag-musikermagazin","tag-nachrichten","tag-news"],"_links":{"self":[{"href":"https:\/\/www.karaoke-helden.de\/playbackshop\/wp-json\/wp\/v2\/posts\/8221","targetHints":{"allow":["GET"]}}],"collection":[{"href":"https:\/\/www.karaoke-helden.de\/playbackshop\/wp-json\/wp\/v2\/posts"}],"about":[{"href":"https:\/\/www.karaoke-helden.de\/playbackshop\/wp-json\/wp\/v2\/types\/post"}],"author":[{"embeddable":true,"href":"https:\/\/www.karaoke-helden.de\/playbackshop\/wp-json\/wp\/v2\/users\/1"}],"replies":[{"embeddable":true,"href":"https:\/\/www.karaoke-helden.de\/playbackshop\/wp-json\/wp\/v2\/comments?post=8221"}],"version-history":[{"count":0,"href":"https:\/\/www.karaoke-helden.de\/playbackshop\/wp-json\/wp\/v2\/posts\/8221\/revisions"}],"wp:featuredmedia":[{"embeddable":true,"href":"https:\/\/www.karaoke-helden.de\/playbackshop\/wp-json\/wp\/v2\/media\/4091"}],"wp:attachment":[{"href":"https:\/\/www.karaoke-helden.de\/playbackshop\/wp-json\/wp\/v2\/media?parent=8221"}],"wp:term":[{"taxonomy":"category","embeddable":true,"href":"https:\/\/www.karaoke-helden.de\/playbackshop\/wp-json\/wp\/v2\/categories?post=8221"},{"taxonomy":"post_tag","embeddable":true,"href":"https:\/\/www.karaoke-helden.de\/playbackshop\/wp-json\/wp\/v2\/tags?post=8221"}],"curies":[{"name":"wp","href":"https:\/\/api.w.org\/{rel}","templated":true}]}}