{"id":975,"date":"2018-06-13T16:05:52","date_gmt":"2018-06-13T14:05:52","guid":{"rendered":"https:\/\/midifiles-kaufen.de\/?p=975"},"modified":"2018-06-13T16:05:52","modified_gmt":"2018-06-13T14:05:52","slug":"hinweis-zu-top-events-in-hannover-10-jahre-fete-de-la-musique-14948","status":"publish","type":"post","link":"https:\/\/www.karaoke-helden.de\/playbackshop\/hinweis-zu-top-events-in-hannover-10-jahre-fete-de-la-musique-14948","title":{"rendered":"Hinweis zu Top-Events in Hannover: 10 Jahre F\u00eate de la Musique"},"content":{"rendered":"<h2>Hannover feiert ein Jubil\u00e4um der Musik und Weltoffenheit.<\/h2>\n<p><em><strong><img decoding=\"async\" class=\"size-full wp-image-769 alignright\" src=\"https:\/\/www.karaoke-helden.de\/playbackshop\/wp-content\/uploads\/2018\/04\/Playback-Kaufen-Musiker-Magazin-Aktuell-1-1.jpg\" alt=\"Playback-Kaufen-Musiker-Magazin-Aktuell-\" width=\"300\" height=\"300\" srcset=\"https:\/\/www.karaoke-helden.de\/playbackshop\/wp-content\/uploads\/2018\/04\/Playback-Kaufen-Musiker-Magazin-Aktuell-1-1.jpg 300w, https:\/\/www.karaoke-helden.de\/playbackshop\/wp-content\/uploads\/2018\/04\/Playback-Kaufen-Musiker-Magazin-Aktuell-1-1-100x100.jpg 100w, https:\/\/www.karaoke-helden.de\/playbackshop\/wp-content\/uploads\/2018\/04\/Playback-Kaufen-Musiker-Magazin-Aktuell-1-1-64x64.jpg 64w, https:\/\/www.karaoke-helden.de\/playbackshop\/wp-content\/uploads\/2018\/04\/Playback-Kaufen-Musiker-Magazin-Aktuell-1-1-155x155.jpg 155w, https:\/\/www.karaoke-helden.de\/playbackshop\/wp-content\/uploads\/2018\/04\/Playback-Kaufen-Musiker-Magazin-Aktuell-1-1-150x150.jpg 150w, https:\/\/www.karaoke-helden.de\/playbackshop\/wp-content\/uploads\/2018\/04\/Playback-Kaufen-Musiker-Magazin-Aktuell-1-1-95x95.jpg 95w\" sizes=\"(max-width: 300px) 100vw, 300px\" \/>Hannover (NI) &#8211;<\/strong> <\/em>Am 21. Juni feiert Hannover von 15 bis 23 Uhr (erste Mitmachangebote ab 14.15 Uhr) an 40 B\u00fchnen-Standorten (In- und Outdoor) mit rund 1.200 lokalen, regionalen und internationalen MusikerInnen und zeitgleich mit 1.000 weiteren St\u00e4dten rund um den Globus die F\u00eate de la Musique. In diesem Jahr gibt es noch einen zus\u00e4tzlichen Grund zum Feiern. Zehn Jahre, seit 2008, wird das ehemals aus einem Pariser Stra\u00dfenfest entstandene Musikfestival schon in der UNESCO City of usic Hannover gefeiert und von der Landeshauptstadt Hannover als Veranstalterin ausgerichtet.<\/p>\n<p><em><strong>Auch 2018 hei\u00dft es wieder:<\/strong> <\/em>Ganz gleich ob Jazz, Klassik und Soul oder Rock, Pop und Elektro \u2013 die F\u00eate de la Musique hat f\u00fcr alle BesucherInnen etwas im Angebot. In diesem Jahr steht das Musik-Event ganz im Zeichen des Jubil\u00e4ums; die BesucherInnen k\u00f6nnen sich auf gro\u00dfartige K\u00fcnstlerInnen und eine kreative Jubil\u00e4umsmeile mit vielseitigen Mitmachangeboten freuen.<\/p>\n<p>\u201e10 Jahre F\u00eate de la Musique in Hannover bedeuten zehn Jahre Kultur, Freude an der Musik und Weltoffenheit. Sie stehen f\u00fcr Vielfalt, V\u00f6lkerverst\u00e4ndigung und Toleranz. Das zeichnet Hannover aus. Die Veranstaltung lebt vom Engagement vieler Musikerinnen und Musiker, Kooperationspartner und Sponsoren. Ein gro\u00dfes Dankesch\u00f6n f\u00fcr diesen tollen Einsatz aller Beteiligten\u201c, so Ralf Sonnenberg, Leiter des st\u00e4dtischen Eventmanagements.<\/p>\n<p>Die Landeshauptstadt Hannover (LHH) als Veranstalterin wird auch in diesem Jahr von mehr als 50 KooperationspartnernInnen und SponsorInnen unterst\u00fctzt.<\/p>\n<h3>Internationale Atmosph\u00e4re<\/h3>\n<p>Am Kr\u00f6pcke, der Marktkirche und dem Schillerdenkmal gibt es ein buntes Programm:<\/p>\n<p>Musikalische Beitr\u00e4ge aus Hannovers St\u00e4dtepartnerschaften finden sich am Kr\u00f6pcke, so etwa aus der Stadt Blantyre, mit der Hannover eine nunmehr 50-j\u00e4hrige Partnerschaft verbindet. Ebenfalls dabei sind MusikerInnen der Partnerst\u00e4dte Rouen und Poznan. F\u00fcr weitere internationale Musikalit\u00e4t sorgen Live-Acts aus den UNESCO Cities of Music Liverpool, Glasgow, Varanasi\/Indien und Adelaide.<\/p>\n<p>Die B\u00fchne an der Marktkirche geh\u00f6rt musikalisch wie optisch traditionell zu den H\u00f6hepunkten der \u201eF\u00eate\u201c in Hannover. Das Kulturzentrum Faust e.V. und Radio Leinehertz 106.5 pr\u00e4sentieren hier das musikalische Programm, das zwischen Alternative-Rock, deutschem Hip-Hop und Weltmusik mit Reggae- und Balkanelementen changiert.<\/p>\n<h3>Die \u201e30666 Metal Stage\u201c<\/h3>\n<p>Im vergangenen Jahr geh\u00f6rte die Metal-Szene noch zu den Exoten der F\u00eate. Dieses Jahr gibt es ein umfangreiches Programm: Nicht weniger als acht Metal-Bands werden auf der \u201e30666 Metal Stage\u201c am Schillerdenkmal auftreten, sieben Gruppen aus Niedersachsen, die achte Band \u201eSolence\u201c aus der UNESCO City of Music Norrk\u00f6ping\/Schweden. Au\u00dferdem bietet der neu gegr\u00fcndete Hannover-Metal-Zusammenschluss \u201e30666\u201c ein Kinder-Metal-Schminken an. Dieser hat die Schirmherrschaft \u00fcber die Metal-B\u00fchne und m\u00f6chte damit in und um Hannover mehr Raum f\u00fcr die Szene schaffen. Die Idee dazu hatten Hendrik Deutsch, Metalhead und Bildungsreferent f\u00fcr Pop und Rock an der \u200eLandesmusikakademie Niedersachsen und Alice Moser, Koordinatorin der UNESCO City Of Music, Stadt Hannover.<\/p>\n<h3>10-Jahres-Meile: R\u00fcckblick-Weitblick-Durchblick<\/h3>\n<p>In der Einkaufsstra\u00dfe vom Kr\u00f6pcke bis zum Schillerdenkmal l\u00e4dt die 10-Jahres-Meile zum Mitmachen, Verweilen, zur R\u00fcckschau und zum Perspektivwechsel ein. An zehn Aktionspunkten werden die BesucherInnen zum Jubil\u00e4um der \u201eF\u00eate\u201c in Hannover besonders in die Gestaltung miteinbezogen. So k\u00f6nnen sie an der Tweetwall und in der Fotobox pers\u00f6nliche Eindr\u00fccke zur \u201eF\u00eate\u201c hinterlassen. Von einer Hebeb\u00fchne in zehn Metern H\u00f6he haben BesucherInnen einen guten Rundumblick. Die Wohnzimmer-Lounge mit antiken Sofas und musikalischer Untermalung l\u00e4dt zum Verweilen ein. Eine Chronologie der vergangenen zehn Jahre in Form einer Fotowand l\u00e4sst nostalgische R\u00fcckblicke zu. Au\u00dferdem k\u00f6nnen die BesucherInnen an einem interaktiv gestaltbaren Kunstwerk von Franz Betz mitwirken und es mitgestalten.<\/p>\n<h3>5 Jahre Cirque \u00c9lectrique \u2013 Das Festival im Festival<\/h3>\n<p>Seit 2014 verwandelt sich die Goseriede einmal im Jahr und p\u00fcnktlich zur \u201eF\u00eate\u201c in ein buntes Elektro-Festival: Den Cirque \u00c9lectrique. In diesem Jahr bieten zum f\u00fcnfj\u00e4hrigen Jubil\u00e4um rund 30 DJs und Live-Acts auf vier hochwertig beschallten B\u00fchnen am Goseriedeplatz einen facettenreichen Querschnitt der elektronischen Tanzmusik. Neu beim Cirque \u00c9lectrique sind au\u00dferdem Nachwuchskollektive wie Upperground und SNNTG e.V.<\/p>\n<h3>Neue B\u00fchnenpartnerInnen und Highlights<\/h3>\n<p>In diesem Jahr stehen Attraktionen rund um das Jubil\u00e4um auf der 10-Jahres-Meile zwischen Kr\u00f6pcke und Schillerdenkmal im Fokus. Die 10-Jahres-Meile bietet BesucherInnen die M\u00f6glichkeit, an verschiedenen Aktionspunkten das Jubil\u00e4um kreativ mitzugestalten.<\/p>\n<p>Am Schillerdenkmal werden mit dem \u201e30666 Metal-Stammtisch\u201c zudem erstmals ausschlie\u00dflich Metalbands auf der \u201e30666 Metal Stage\u201c auftreten.<\/p>\n<p>Daneben konnten in diesem Jahr neue Partner gewonnen werden. Darunter das Restaurant heimW, der Verband unabh\u00e4ngiger Tontr\u00e4ger (VUT) am Opernplatz und Linden Legendz in der Knochenhauerstra\u00dfe. Am Ballhof sind es die Jazzmusiker-Initiative Hannover e.V. (JMI), der Kulturpalast und die Hochschule f\u00fcr Musik, Theater und Medien (HMTMH).<\/p>\n<h3>Die B\u00fchnen und PartnerInnen:<\/h3>\n<p>1. Kr\u00f6pcke \u2013 Partner: Kulturb\u00fcro, Antenne M\u00e9tropole, MusikZentrum Hannover, The Tagore Center \u2013 Embassy of India<\/p>\n<p>2. Kr\u00f6pcke Uhr \u2013 Partner: Kultur-Raum Region Hannover e. V.<\/p>\n<p>3. Hauptbahnhof \u2013 Partner: Nieders\u00e4chsischer Chorverband<\/p>\n<p>4. VHS Hannover \u2013 Partner: Freundeskreis Hannover, Volkshochschule Hannover, annaleine<\/p>\n<p>5. Opernplatz \u2013 Partner: PPC Music, VUT Nord<\/p>\n<p>6. Platz der Weltausstellung \u2013 Partner: Der Parit\u00e4tische Niedersachsen, Parit\u00e4tisches Jugendwerk, Gl\u00fcckspirale<\/p>\n<p>7. Ka:Punkt &#8211; Ka:Punkt<\/p>\n<p>8. Marktkirche \u2013 Radio Leinehertz 106.5, Faust<\/p>\n<p>9. Schrottdenkmal\/ Am Hohen Ufer \u2013 Fachhochschule des Mittelstandes<\/p>\n<p>10. Historisches Museum \u2013 Historisches Museum<\/p>\n<p>11. Am Holzmarkt &#8211; Hannover Concerts<\/p>\n<p>12. Ballhof \u2013 Jazzclub Hannover, Teest\u00fcbchen Hannover, Forum Hann\u00f6versches Aldstadtforum, JMI, Tonhalle e.V., Kulturpalast<\/p>\n<p>13. Ballhof Caf\u00e9 &#8211; Radio Leinehertz 106,5, junges schauspiel hannover<\/p>\n<p>14. Caf\u00e9 Gl\u00fccksmoment &#8211; radio leinehertz, Caf\u00e9 Gl\u00fccksmoment<\/p>\n<p>15. Knochenhauer Stage \u2013 Linden Legendz<\/p>\n<p>16. \u2013 17. Orange Club Lounge \u2013 Indoor &amp; Outdoor<\/p>\n<p>18. Andreaestra\u00dfe \u2013 MusikZentrum Hannover<\/p>\n<p>19. Limburgstra\u00dfe \u2013 Rockmobil, Vapiano<\/p>\n<p>20. Openstage \u2013 Fairkaufhaus<\/p>\n<p>21. Steintor \u2013 Landeshauptstadt Hannover, Fachbereich Kinder und Jugendarbeit, Jugendgerechte Kommune, UJZ Glocksee e.V., MusikZentrum Hannover, Step Hannover<\/p>\n<p>22. Schillerdenkmal \u2013 30666 Metal Stammtisch<\/p>\n<p>23. \u2013 26. Goseriede \u2013 Partner: Yippie Records, Fuchsbau Festival, Lieber Klub, Observer, SNNTG Festival, Upperground Kollektiv<\/p>\n<p>27. Anzeiger Hochhaus\/Schalterhalle \u2013 Partner: Musikschule Hannover<\/p>\n<p>28. Kestnergesellschaft \u2013 Kestnergesellschaft<\/p>\n<p>29. Aegidienkirche \u2013 Band Akademie Hannover, Evangelisch-lutherischer Stadtkirchenverband Hannover<\/p>\n<p>30. Markthalle \u2013 Souls in Motion<\/p>\n<p>31. Hannah-Ahrendt-Platz \u2013 Clownwelten<\/p>\n<p>32. F\u00eate in der Klinik &#8211; Klassik in der Klinik e.V.<\/p>\n<p>33. \u2013 36. Niki-de-Saint-Phalle-Promenade \u2013 Center- und Werbegemeinschaft Niki-de-Saint-Phalle-Promenade e.V.<\/p>\n<p>37. \u2013 38. 10 Jahres Meile \u2013 MusikZentrum, Musikland Nds.<\/p>\n<p>39. heimW \u2013 heimW<\/p>\n<p>40. Marktkirche Indoor \u2013 Musikschule, Marktkirche<\/p>\n<h3>Hintergrund zur \u201eF\u00eate de la Musique\u201d<\/h3>\n<p>Die \u201eF\u00eate de la Musique&#8221;, das gr\u00f6\u00dfte Musikfest der Welt, findet immer am l\u00e4ngsten Tag beziehungsweise in der k\u00fcrzesten Nacht des Jahres statt. Menschen kommen an diesem Tag zusammen, machen Musik, spielen dabei ohne Gagen und tauchen die Stadt in ein einziges Festival. Die \u201eF\u00eate de la Musique&#8221; entstand 1982 als Fest der Stra\u00dfenmusik in Frankreich und wird in Hannover seit 2008 jedes Jahr zum Sommeranfang (21. Juni) gefeiert. Bands, Ch\u00f6re, DJs, SolistInnen und Orchester aller Art erkl\u00e4ren die gesamte Innenstadt zu ihrer B\u00fchne.<\/p>\n<p>***<\/p>\n<p><em>Die Pressemitteilung im Original finden Sie unter: www.presseservice-hannover.de<\/em><\/p>\n<div class=\"shariff shariff-align-center shariff-widget-align-center shariff-buttonstretch\"><ul class=\"shariff-buttons theme-color orientation-horizontal buttonsize-small\"><li class=\"shariff-button facebook shariff-nocustomcolor\" style=\"background-color:#4273c8\"><a href=\"https:\/\/www.facebook.com\/sharer\/sharer.php?u=https%3A%2F%2Fwww.karaoke-helden.de%2Fplaybackshop%2Fhinweis-zu-top-events-in-hannover-10-jahre-fete-de-la-musique-14948\" title=\"Bei Facebook teilen\" aria-label=\"Bei Facebook teilen\" role=\"button\" rel=\"nofollow\" class=\"shariff-link\" style=\"; background-color:#3b5998; color:#fff\" target=\"_blank\"><span class=\"shariff-icon\" style=\"\"><svg width=\"32px\" height=\"20px\" xmlns=\"http:\/\/www.w3.org\/2000\/svg\" viewBox=\"0 0 18 32\"><path fill=\"#3b5998\" d=\"M17.1 0.2v4.7h-2.8q-1.5 0-2.1 0.6t-0.5 1.9v3.4h5.2l-0.7 5.3h-4.5v13.6h-5.5v-13.6h-4.5v-5.3h4.5v-3.9q0-3.3 1.9-5.2t5-1.8q2.6 0 4.1 0.2z\"\/><\/svg><\/span><span class=\"shariff-text\">teilen<\/span>&nbsp;<\/a><\/li><li class=\"shariff-button twitter shariff-nocustomcolor\" style=\"background-color:#595959\"><a href=\"https:\/\/twitter.com\/share?url=https%3A%2F%2Fwww.karaoke-helden.de%2Fplaybackshop%2Fhinweis-zu-top-events-in-hannover-10-jahre-fete-de-la-musique-14948&text=Hinweis%20zu%20Top-Events%20in%20Hannover%3A%2010%20Jahre%20F%C3%AAte%20de%20la%20Musique&via=d24online\" title=\"Bei X teilen\" aria-label=\"Bei X teilen\" role=\"button\" rel=\"noopener nofollow\" class=\"shariff-link\" style=\"; background-color:#000; color:#fff\" target=\"_blank\"><span class=\"shariff-icon\" style=\"\"><svg width=\"32px\" height=\"20px\" xmlns=\"http:\/\/www.w3.org\/2000\/svg\" viewBox=\"0 0 24 24\"><path fill=\"#000\" d=\"M14.258 10.152L23.176 0h-2.113l-7.747 8.813L7.133 0H0l9.352 13.328L0 23.973h2.113l8.176-9.309 6.531 9.309h7.133zm-2.895 3.293l-.949-1.328L2.875 1.56h3.246l6.086 8.523.945 1.328 7.91 11.078h-3.246zm0 0\"\/><\/svg><\/span><span class=\"shariff-text\">teilen<\/span>&nbsp;<\/a><\/li><li class=\"shariff-button linkedin shariff-nocustomcolor\" style=\"background-color:#1488bf\"><a href=\"https:\/\/www.linkedin.com\/sharing\/share-offsite\/?url=https%3A%2F%2Fwww.karaoke-helden.de%2Fplaybackshop%2Fhinweis-zu-top-events-in-hannover-10-jahre-fete-de-la-musique-14948\" title=\"Bei LinkedIn teilen\" aria-label=\"Bei LinkedIn teilen\" role=\"button\" rel=\"noopener nofollow\" class=\"shariff-link\" style=\"; background-color:#0077b5; color:#fff\" target=\"_blank\"><span class=\"shariff-icon\" style=\"\"><svg width=\"32px\" height=\"20px\" xmlns=\"http:\/\/www.w3.org\/2000\/svg\" viewBox=\"0 0 27 32\"><path fill=\"#0077b5\" d=\"M6.2 11.2v17.7h-5.9v-17.7h5.9zM6.6 5.7q0 1.3-0.9 2.2t-2.4 0.9h0q-1.5 0-2.4-0.9t-0.9-2.2 0.9-2.2 2.4-0.9 2.4 0.9 0.9 2.2zM27.4 18.7v10.1h-5.9v-9.5q0-1.9-0.7-2.9t-2.3-1.1q-1.1 0-1.9 0.6t-1.2 1.5q-0.2 0.5-0.2 1.4v9.9h-5.9q0-7.1 0-11.6t0-5.3l0-0.9h5.9v2.6h0q0.4-0.6 0.7-1t1-0.9 1.6-0.8 2-0.3q3 0 4.9 2t1.9 6z\"\/><\/svg><\/span><span class=\"shariff-text\">teilen<\/span>&nbsp;<\/a><\/li><li class=\"shariff-button rss shariff-nocustomcolor\" style=\"background-color:#ff8c00\"><a href=\"https:\/\/www.karaoke-helden.de\/playbackshop\/feed\/rss\" title=\"RSS-feed\" aria-label=\"RSS-feed\" role=\"button\" class=\"shariff-link\" style=\"; background-color:#fe9312; color:#fff\" target=\"_blank\"><span class=\"shariff-icon\" style=\"\"><svg width=\"32px\" height=\"20px\" xmlns=\"http:\/\/www.w3.org\/2000\/svg\" viewBox=\"0 0 32 32\"><path fill=\"#fe9312\" d=\"M4.3 23.5c-2.3 0-4.3 1.9-4.3 4.3 0 2.3 1.9 4.2 4.3 4.2 2.4 0 4.3-1.9 4.3-4.2 0-2.3-1.9-4.3-4.3-4.3zM0 10.9v6.1c4 0 7.7 1.6 10.6 4.4 2.8 2.8 4.4 6.6 4.4 10.6h6.2c0-11.7-9.5-21.1-21.1-21.1zM0 0v6.1c14.2 0 25.8 11.6 25.8 25.9h6.2c0-17.6-14.4-32-32-32z\"\/><\/svg><\/span><span class=\"shariff-text\">RSS-feed<\/span>&nbsp;<\/a><\/li><li class=\"shariff-button printer shariff-nocustomcolor\" style=\"background-color:#a8a8a8\"><a href=\"javascript:window.print()\" title=\"drucken\" aria-label=\"drucken\" role=\"button\" rel=\"noopener nofollow\" class=\"shariff-link\" style=\"; background-color:#999; color:#fff\"><span class=\"shariff-icon\" style=\"\"><svg width=\"32px\" height=\"20px\" xmlns=\"http:\/\/www.w3.org\/2000\/svg\" viewBox=\"0 0 30 32\"><path fill=\"#999\" d=\"M6.8 27.4h16v-4.6h-16v4.6zM6.8 16h16v-6.8h-2.8q-0.7 0-1.2-0.5t-0.5-1.2v-2.8h-11.4v11.4zM27.4 17.2q0-0.5-0.3-0.8t-0.8-0.4-0.8 0.4-0.3 0.8 0.3 0.8 0.8 0.3 0.8-0.3 0.3-0.8zM29.7 17.2v7.4q0 0.2-0.2 0.4t-0.4 0.2h-4v2.8q0 0.7-0.5 1.2t-1.2 0.5h-17.2q-0.7 0-1.2-0.5t-0.5-1.2v-2.8h-4q-0.2 0-0.4-0.2t-0.2-0.4v-7.4q0-1.4 1-2.4t2.4-1h1.2v-9.7q0-0.7 0.5-1.2t1.2-0.5h12q0.7 0 1.6 0.4t1.3 0.8l2.7 2.7q0.5 0.5 0.9 1.4t0.4 1.6v4.6h1.1q1.4 0 2.4 1t1 2.4z\"\/><\/svg><\/span><span class=\"shariff-text\">drucken<\/span>&nbsp;<\/a><\/li><li class=\"shariff-button whatsapp shariff-nocustomcolor\" style=\"background-color:#5cbe4a\"><a href=\"https:\/\/api.whatsapp.com\/send?text=https%3A%2F%2Fwww.karaoke-helden.de%2Fplaybackshop%2Fhinweis-zu-top-events-in-hannover-10-jahre-fete-de-la-musique-14948%20Hinweis%20zu%20Top-Events%20in%20Hannover%3A%2010%20Jahre%20F%C3%AAte%20de%20la%20Musique\" title=\"Bei Whatsapp teilen\" aria-label=\"Bei Whatsapp teilen\" role=\"button\" rel=\"noopener nofollow\" class=\"shariff-link\" style=\"; background-color:#34af23; color:#fff\" target=\"_blank\"><span class=\"shariff-icon\" style=\"\"><svg width=\"32px\" height=\"20px\" xmlns=\"http:\/\/www.w3.org\/2000\/svg\" viewBox=\"0 0 32 32\"><path fill=\"#34af23\" d=\"M17.6 17.4q0.2 0 1.7 0.8t1.6 0.9q0 0.1 0 0.3 0 0.6-0.3 1.4-0.3 0.7-1.3 1.2t-1.8 0.5q-1 0-3.4-1.1-1.7-0.8-3-2.1t-2.6-3.3q-1.3-1.9-1.3-3.5v-0.1q0.1-1.6 1.3-2.8 0.4-0.4 0.9-0.4 0.1 0 0.3 0t0.3 0q0.3 0 0.5 0.1t0.3 0.5q0.1 0.4 0.6 1.6t0.4 1.3q0 0.4-0.6 1t-0.6 0.8q0 0.1 0.1 0.3 0.6 1.3 1.8 2.4 1 0.9 2.7 1.8 0.2 0.1 0.4 0.1 0.3 0 1-0.9t0.9-0.9zM14 26.9q2.3 0 4.3-0.9t3.6-2.4 2.4-3.6 0.9-4.3-0.9-4.3-2.4-3.6-3.6-2.4-4.3-0.9-4.3 0.9-3.6 2.4-2.4 3.6-0.9 4.3q0 3.6 2.1 6.6l-1.4 4.2 4.3-1.4q2.8 1.9 6.2 1.9zM14 2.2q2.7 0 5.2 1.1t4.3 2.9 2.9 4.3 1.1 5.2-1.1 5.2-2.9 4.3-4.3 2.9-5.2 1.1q-3.5 0-6.5-1.7l-7.4 2.4 2.4-7.2q-1.9-3.2-1.9-6.9 0-2.7 1.1-5.2t2.9-4.3 4.3-2.9 5.2-1.1z\"\/><\/svg><\/span><span class=\"shariff-text\">teilen<\/span>&nbsp;<\/a><\/li><\/ul><\/div>","protected":false},"excerpt":{"rendered":"<p>Hannover feiert ein Jubil\u00e4um der Musik und Weltoffenheit. Hannover (NI) &#8211; Am 21. Juni feiert Hannover von 15 bis 23 Uhr (erste Mitmachangebote ab 14.15 Uhr) an 40&#8230; <\/p>\n","protected":false},"author":1,"featured_media":769,"comment_status":"closed","ping_status":"closed","sticky":false,"template":"","format":"standard","meta":{"rank_math_lock_modified_date":false,"footnotes":""},"categories":[5],"tags":[27,36,68,333,366,403,486,510,578,643],"class_list":["post-975","post","type-post","status-publish","format-standard","has-post-thumbnail","hentry","category-musikermagazin","tag-10-jahre-fete-de-la-musique","tag-13-06-2018","tag-aktuell","tag-hinweis-zu-top-events","tag-in-hannover","tag-karaoke-musik","tag-midifiles","tag-musikermagazin","tag-playbacks","tag-servicemagazin"],"_links":{"self":[{"href":"https:\/\/www.karaoke-helden.de\/playbackshop\/wp-json\/wp\/v2\/posts\/975","targetHints":{"allow":["GET"]}}],"collection":[{"href":"https:\/\/www.karaoke-helden.de\/playbackshop\/wp-json\/wp\/v2\/posts"}],"about":[{"href":"https:\/\/www.karaoke-helden.de\/playbackshop\/wp-json\/wp\/v2\/types\/post"}],"author":[{"embeddable":true,"href":"https:\/\/www.karaoke-helden.de\/playbackshop\/wp-json\/wp\/v2\/users\/1"}],"replies":[{"embeddable":true,"href":"https:\/\/www.karaoke-helden.de\/playbackshop\/wp-json\/wp\/v2\/comments?post=975"}],"version-history":[{"count":0,"href":"https:\/\/www.karaoke-helden.de\/playbackshop\/wp-json\/wp\/v2\/posts\/975\/revisions"}],"wp:featuredmedia":[{"embeddable":true,"href":"https:\/\/www.karaoke-helden.de\/playbackshop\/wp-json\/wp\/v2\/media\/769"}],"wp:attachment":[{"href":"https:\/\/www.karaoke-helden.de\/playbackshop\/wp-json\/wp\/v2\/media?parent=975"}],"wp:term":[{"taxonomy":"category","embeddable":true,"href":"https:\/\/www.karaoke-helden.de\/playbackshop\/wp-json\/wp\/v2\/categories?post=975"},{"taxonomy":"post_tag","embeddable":true,"href":"https:\/\/www.karaoke-helden.de\/playbackshop\/wp-json\/wp\/v2\/tags?post=975"}],"curies":[{"name":"wp","href":"https:\/\/api.w.org\/{rel}","templated":true}]}}